{"id":5158,"date":"2025-05-19T12:01:00","date_gmt":"2025-05-19T15:01:00","guid":{"rendered":"https:\/\/www.clauwan.com.br\/blog\/?p=5158"},"modified":"2025-05-19T13:19:21","modified_gmt":"2025-05-19T16:19:21","slug":"locacao-de-mesas-bistro-em-vila-isabel","status":"publish","type":"post","link":"https:\/\/www.clauwan.com.br\/blog\/locacao-de-mesas-bistro-em-vila-isabel\/","title":{"rendered":"Loca\u00e7\u00e3o de Mesas Bistr\u00f4 em Vila Isabel"},"content":{"rendered":"\n<figure class=\"wp-block-image size-full\"><img loading=\"lazy\" width=\"773\" height=\"773\" src=\"http:\/\/www.clauwan.com.br\/blog\/wp-content\/uploads\/2025\/01\/MESAS-E-CADEIRAS-BISTRO.jpg\" alt=\"LOCA\u00c7\u00c3O MESAS E CADEIRAS BISTR\u00d4\" class=\"wp-image-5743\" srcset=\"https:\/\/www.clauwan.com.br\/blog\/wp-content\/uploads\/2025\/01\/MESAS-E-CADEIRAS-BISTRO.jpg 773w, https:\/\/www.clauwan.com.br\/blog\/wp-content\/uploads\/2025\/01\/MESAS-E-CADEIRAS-BISTRO-300x300.jpg 300w, https:\/\/www.clauwan.com.br\/blog\/wp-content\/uploads\/2025\/01\/MESAS-E-CADEIRAS-BISTRO-150x150.jpg 150w, https:\/\/www.clauwan.com.br\/blog\/wp-content\/uploads\/2025\/01\/MESAS-E-CADEIRAS-BISTRO-768x768.jpg 768w, https:\/\/www.clauwan.com.br\/blog\/wp-content\/uploads\/2025\/01\/MESAS-E-CADEIRAS-BISTRO-750x750.jpg 750w\" sizes=\"(max-width: 773px) 100vw, 773px\" \/><\/figure>\n\n\n\n<h2>Praticidade e estilo com a <strong>Loca\u00e7\u00e3o de Mesas Bistr\u00f4 em Vila Isabel<\/strong><\/h2>\n\n\n\n<p>T\u00e1 procurando algo pr\u00e1tico e charmoso pro seu evento? A<a href=\"http:\/\/Al\u00e9m disso, a empresa conta com um app super pr\u00e1tico \u2014 o App Clauwan \u2014 pra voc\u00ea alugar direto do celular, tanto no Android quanto no iOS. Ou seja, praticidade do in\u00edcio ao fim.\"> <strong>Loca\u00e7\u00e3o de Mesas Bistr\u00f4 em Vila Isabel<\/strong><\/a> pode ser exatamente o que voc\u00ea precisa! Esse tipo de mesa combina super bem com anivers\u00e1rios, coquet\u00e9is, casamentos, eventos corporativos e at\u00e9 aquele churrasco mais organizado. Al\u00e9m disso, elas ajudam a deixar o ambiente mais bonito e descontra\u00eddo.<\/p>\n\n\n\n<p>Aqui, a gente entende que cada cliente tem uma necessidade diferente. Por isso, al\u00e9m de ouvir com aten\u00e7\u00e3o, tamb\u00e9m oferecemos pre\u00e7os especiais de acordo com o tamanho e estilo do seu evento. Ent\u00e3o, seja algo mais simples ou uma produ\u00e7\u00e3o de gala, pode contar com a gente.<\/p>\n\n\n\n<h2>Vantagens da <strong>Loca\u00e7\u00e3o de Mesas Bistr\u00f4 em Vila Isabel<\/strong><\/h2>\n\n\n\n<p>Optar pela loca\u00e7\u00e3o, ao inv\u00e9s de comprar, traz v\u00e1rios benef\u00edcios. Em primeiro lugar, claro, est\u00e1 o custo: voc\u00ea economiza uma grana e ainda evita dor de cabe\u00e7a com transporte, montagem e desmontagem. Al\u00e9m disso, vem a praticidade \u2014 a gente cuida de tudo e entrega no prazo certinho. E mais: nossas mesas est\u00e3o sempre limpas e bem conservadas, prontas pra brilhar no seu evento.<\/p>\n\n\n\n<p>Por outro lado, se voc\u00ea gosta de planejar com calma, vale a pena visitar o nosso <a class=\"\" href=\"https:\/\/www.clauwan.com.br\/blog\/\">blog cheio de dicas<\/a>. L\u00e1 voc\u00ea encontra inspira\u00e7\u00f5es, orienta\u00e7\u00f5es e sugest\u00f5es \u00fateis pra todo tipo de festa.<\/p>\n\n\n\n<p>E caso voc\u00ea tamb\u00e9m precise de lou\u00e7as ou utens\u00edlios, n\u00e3o se preocupe. Temos um <a class=\"\" href=\"https:\/\/materiais.clauwan.com.br\/aluguel-de-loucas\">material completo<\/a> pra te ajudar a organizar tudo de forma simples e econ\u00f4mica. Assim, seu evento fica completo!<\/p>\n\n\n\n<h2>Atendimento personalizado e experi\u00eancia que faz diferen\u00e7a<\/h2>\n\n\n\n<p>A gente sabe que cada detalhe conta na hora de organizar um evento. Por isso, al\u00e9m de oferecer a <strong>Loca\u00e7\u00e3o de Mesas Bistr\u00f4 em Vila Isabel<\/strong>, cuidamos de tudo com aten\u00e7\u00e3o, rapidez e aquele toque profissional. Com um servi\u00e7o \u00e1gil e direto, garantimos que voc\u00ea tenha mais tempo pra se concentrar no que importa: aproveitar o seu momento!<\/p>\n\n\n\n<p>Quer praticidade, estilo e confian\u00e7a? Fala com a gente!<\/p>\n\n\n<h3>Siga a Clauwan<\/h3>\n<p><!-- \/wp:heading --><\/p>\n<p><!-- wp:paragraph --><\/p>\n<p>Al\u00e9m disso, \u00e9 s\u00f3 clicar e seguir nosso <strong><a href=\"https:\/\/www.facebook.com\/people\/Clauwan-Eventos\/100063773146453\/\" target=\"_blank\" rel=\"noreferrer noopener\">Facebook\u00a0<\/a><\/strong>e\u00a0<strong><a href=\"https:\/\/www.instagram.com\/clauwaneventos\/\" target=\"_blank\" rel=\"noreferrer noopener\">Instagram.<\/a><\/strong><\/p>\n<div class=\"gdlr-core-pbf-element\">\n<div class=\"gdlr-core-column-service-item gdlr-core-item-pdb gdlr-core-left-align gdlr-core-column-service-icon-left-title gdlr-core-no-caption gdlr-core-item-pdlr\">\n<div class=\"gdlr-core-column-service-content-wrapper\">\n<div class=\"gdlr-core-column-service-title-wrap\"><strong>DESDE 1987 \u2013 GRUPO CLAUWAN\u00a0<\/strong><\/div>\n<\/div>\n<\/div>\n<\/div>\n<div class=\"gdlr-core-pbf-element\">\n<div class=\"gdlr-core-gallery-item gdlr-core-item-pdb clearfix gdlr-core-gallery-item-style-grid\">\n<div class=\"gdlr-core-gallery-item-holder gdlr-core-js-2 clearfix\" data-layout=\"fitrows\">\n<div class=\"gdlr-core-item-list gdlr-core-gallery-column gdlr-core-column-10 gdlr-core-item-pdlr gdlr-core-item-mgb\">\n<div>\n<p>No entanto, a <a href=\"https:\/\/www.google.com\/search?q=clauwan+materiais+para+festas+e+eventos&amp;sca_esv=de363b143e4128cf&amp;rlz=1C1GCEU_pt-BRBR820BR821&amp;ei=LzNcZ8f9FsSZ5OUPyerHmQY&amp;gs_ssp=eJwFwUEOgyAQBdB0215iki5cOmMxiEfwFiN8GhNrVVA5vu89X_W3lhyClM3wo39zcc7CNuIA2zWfngtM60Yv3hpmLxqHys96XLrQTzP2SadEq-5KESlrIhBOLPmfbszmHQE&amp;oq=%22clauwan%22&amp;gs_lp=Egxnd3Mtd2l6LXNlcnAiCSJjbGF1d2FuIioCCAAyExAuGIAEGEMYxwEYigUYjgUYrwEyDhAuGIAEGMcBGI4FGK8BMgQQABgeMgQQABgeMgQQABgeMgQQABgeMgYQABgFGB4yBhAAGAUYHjIGEAAYBRgeMgYQABgFGB4yIhAuGIAEGEMYxwEYigUYjgUYrwEYlwUY3AQY3gQY4ATYAQFIxCRQ8QZYsg9wAXgBkAEAmAGOAaABpAeqAQMwLje4AQHIAQD4AQGYAgmgAt4RwgIKEAAYsAMY1gQYR8ICBhAAGAcYHsICDRAuGIAEGMcBGA0YrwHCAhAQLhiABBjHARgNGI4FGK8BwgIIEAAYBxgIGB7CAgYQABgNGB7CAggQABgFGA0YHpgDAIgGAZAGCLoGBggBEAEYFJIHBzEuNy43LTGgB_4t&amp;sclient=gws-wiz-serp\"><strong>Clauwan Festas<\/strong><\/a> atende o mercado de aluguel de material de festas.<\/p>\n<div class=\"more\">\n<h2>Saiba Mais!<\/h2>\n<p>Entre em contato conosco via WhatsApp:\u00a0<strong><a href=\"https:\/\/bit.ly\/comercialclauwan?fbclid=IwAR3RKzFsZZmpp-HWRMde8NJvrfX5fLmK-QukRM5WqsAj-LQJlwoX-r3DvvU\">https:\/\/bit.ly\/comercialclauwan<\/a><\/strong><\/p>\n<div dir=\"auto\"><span class=\"pq6dq46d tbxw36s4 knj5qynh kvgmc6g5 ditlmg2l oygrvhab nvdbi5me sf5mxxl7 gl3lb2sf hhz5lgdu\"><img loading=\"lazy\" class=\"alignnone\" title=\"Lava lou\u00e7a industrial loca\u00e7\u00e3o\" src=\"https:\/\/static.xx.fbcdn.net\/images\/emoji.php\/v9\/t31\/1.5\/16\/1f4f2.png\" alt=\"Lava lou\u00e7a industrial loca\u00e7\u00e3o\" width=\"16\" height=\"16\" \/><\/span> (21) 99225-6661<\/div>\n<div dir=\"auto\"><span class=\"pq6dq46d tbxw36s4 knj5qynh kvgmc6g5 ditlmg2l oygrvhab nvdbi5me sf5mxxl7 gl3lb2sf hhz5lgdu\"><img loading=\"lazy\" class=\"alignnone\" title=\"Lava lou\u00e7a industrial loca\u00e7\u00e3o\" src=\"https:\/\/static.xx.fbcdn.net\/images\/emoji.php\/v9\/ta6\/1.5\/16\/1f4de.png\" alt=\"Lava lou\u00e7a industrial loca\u00e7\u00e3o\" width=\"16\" height=\"16\" \/><\/span>(21) 2578-8488<\/div>\n<div dir=\"auto\"><span class=\"pq6dq46d tbxw36s4 knj5qynh kvgmc6g5 ditlmg2l oygrvhab nvdbi5me sf5mxxl7 gl3lb2sf hhz5lgdu\"><img loading=\"lazy\" src=\"https:\/\/static.xx.fbcdn.net\/images\/emoji.php\/v9\/t17\/1.5\/16\/1f4e7.png\" alt=\"\ud83d\udce7\" width=\"16\" height=\"16\" \/><\/span>\u00a0comercial@clauwan.com.br<\/div>\n<div dir=\"auto\"><span class=\"pq6dq46d tbxw36s4 knj5qynh kvgmc6g5 ditlmg2l oygrvhab nvdbi5me sf5mxxl7 gl3lb2sf hhz5lgdu\"><img loading=\"lazy\" src=\"https:\/\/static.xx.fbcdn.net\/images\/emoji.php\/v9\/t86\/1.5\/16\/1f4cd.png\" alt=\"\ud83d\udccd\" width=\"16\" height=\"16\" \/><\/span> Rua Visconde de Abaete, N.\u00ba 05 \u2013 Vila Isabel<\/div>\n<\/div>\n<\/div>\n<\/div>\n<\/div>\n<\/div>\n<\/div>\n<p><!-- wp:paragraph --><\/p>\n<p>\u200b<\/p>\n<p><!-- \/wp:paragraph --><\/p>\n<p><!-- wp:paragraph --><\/p>\n<p>\u00a0<\/p>\n<p><!-- \/wp:paragraph --><\/p>","protected":false},"excerpt":{"rendered":"<p>Praticidade e estilo com a Loca\u00e7\u00e3o de Mesas Bistr\u00f4 em Vila Isabel T\u00e1 procurando algo pr\u00e1tico e charmoso pro seu evento? A Loca\u00e7\u00e3o de Mesas Bistr\u00f4 em Vila Isabel pode [&hellip;]<\/p>\n","protected":false},"author":1,"featured_media":5743,"comment_status":"open","ping_status":"open","sticky":false,"template":"","format":"standard","meta":[],"categories":[4],"tags":[298,151,316,150,197,40],"_links":{"self":[{"href":"https:\/\/www.clauwan.com.br\/blog\/wp-json\/wp\/v2\/posts\/5158"}],"collection":[{"href":"https:\/\/www.clauwan.com.br\/blog\/wp-json\/wp\/v2\/posts"}],"about":[{"href":"https:\/\/www.clauwan.com.br\/blog\/wp-json\/wp\/v2\/types\/post"}],"author":[{"embeddable":true,"href":"https:\/\/www.clauwan.com.br\/blog\/wp-json\/wp\/v2\/users\/1"}],"replies":[{"embeddable":true,"href":"https:\/\/www.clauwan.com.br\/blog\/wp-json\/wp\/v2\/comments?post=5158"}],"version-history":[{"count":5,"href":"https:\/\/www.clauwan.com.br\/blog\/wp-json\/wp\/v2\/posts\/5158\/revisions"}],"predecessor-version":[{"id":8328,"href":"https:\/\/www.clauwan.com.br\/blog\/wp-json\/wp\/v2\/posts\/5158\/revisions\/8328"}],"wp:featuredmedia":[{"embeddable":true,"href":"https:\/\/www.clauwan.com.br\/blog\/wp-json\/wp\/v2\/media\/5743"}],"wp:attachment":[{"href":"https:\/\/www.clauwan.com.br\/blog\/wp-json\/wp\/v2\/media?parent=5158"}],"wp:term":[{"taxonomy":"category","embeddable":true,"href":"https:\/\/www.clauwan.com.br\/blog\/wp-json\/wp\/v2\/categories?post=5158"},{"taxonomy":"post_tag","embeddable":true,"href":"https:\/\/www.clauwan.com.br\/blog\/wp-json\/wp\/v2\/tags?post=5158"}],"curies":[{"name":"wp","href":"https:\/\/api.w.org\/{rel}","templated":true}]}}