{"id":5154,"date":"2025-05-15T13:52:33","date_gmt":"2025-05-15T16:52:33","guid":{"rendered":"https:\/\/www.clauwan.com.br\/blog\/?p=5154"},"modified":"2025-05-15T13:52:40","modified_gmt":"2025-05-15T16:52:40","slug":"locacao-de-mesas-bistro","status":"publish","type":"post","link":"https:\/\/www.clauwan.com.br\/blog\/locacao-de-mesas-bistro\/","title":{"rendered":"Loca\u00e7\u00e3o de Mesas Bistr\u00f4"},"content":{"rendered":"\n<h2>Loca\u00e7\u00e3o de Mesas Bistr\u00f4: Praticidade e Estilo Pro Seu Evento<\/h2>\n\n\n\n<p>Se voc\u00ea t\u00e1 montando uma festa e quer algo bonito, pr\u00e1tico e que chame aten\u00e7\u00e3o, a <strong>loca\u00e7\u00e3o de mesas bistr\u00f4<\/strong> \u00e9 uma \u00f3tima pedida! A Clauwan t\u00e1 h\u00e1 mais de 40 anos nesse mercado e sabe bem o que funciona em eventos \u2014 seja ao ar livre, em sal\u00e3o fechado, em volta da piscina ou at\u00e9 na sua casa. <strong>Al\u00e9m disso<\/strong>, as mesas bistr\u00f4 s\u00e3o modernas, resistentes e super vers\u00e1teis.<\/p>\n\n\n\n<p><strong>Por isso<\/strong>, se a ideia \u00e9 dar um toque diferente na decora\u00e7\u00e3o e ainda garantir um produto funcional, pode contar com a gente! A Clauwan tem tradi\u00e7\u00e3o e \u00e9 refer\u00eancia em <strong>loca\u00e7\u00e3o de mesas bistr\u00f4<\/strong> em Vila Isabel e regi\u00e3o. Aqui, qualidade anda junto com bom gosto.<\/p>\n\n\n\n<figure class=\"wp-block-image size-full\"><img loading=\"lazy\" width=\"773\" height=\"773\" src=\"http:\/\/www.clauwan.com.br\/blog\/wp-content\/uploads\/2025\/01\/MESAS-E-CADEIRAS-BISTRO.jpg\" alt=\"LOCA\u00c7\u00c3O MESAS E CADEIRAS BISTR\u00d4\" class=\"wp-image-5743\" srcset=\"https:\/\/www.clauwan.com.br\/blog\/wp-content\/uploads\/2025\/01\/MESAS-E-CADEIRAS-BISTRO.jpg 773w, https:\/\/www.clauwan.com.br\/blog\/wp-content\/uploads\/2025\/01\/MESAS-E-CADEIRAS-BISTRO-300x300.jpg 300w, https:\/\/www.clauwan.com.br\/blog\/wp-content\/uploads\/2025\/01\/MESAS-E-CADEIRAS-BISTRO-150x150.jpg 150w, https:\/\/www.clauwan.com.br\/blog\/wp-content\/uploads\/2025\/01\/MESAS-E-CADEIRAS-BISTRO-768x768.jpg 768w, https:\/\/www.clauwan.com.br\/blog\/wp-content\/uploads\/2025\/01\/MESAS-E-CADEIRAS-BISTRO-750x750.jpg 750w\" sizes=\"(max-width: 773px) 100vw, 773px\" \/><\/figure>\n\n\n\n<h2>Por que apostar na Loca\u00e7\u00e3o de Mesas Bistr\u00f4?<\/h2>\n\n\n\n<p>Essas mesas lembram os charmosos bistr\u00f4s franceses, cheios de eleg\u00e2ncia e delicadeza. <strong>Ou seja<\/strong>, elas combinam com praticamente qualquer estilo de festa. <strong>Al\u00e9m do mais<\/strong>, s\u00e3o feitas em madeira, o que d\u00e1 um ar mais cl\u00e1ssico e combina com diferentes tipos de decora\u00e7\u00e3o.<\/p>\n\n\n\n<p><strong>E tem mais<\/strong>: aqui na Clauwan, al\u00e9m das mesas bistr\u00f4, voc\u00ea tamb\u00e9m pode alugar <strong>tendas, ton\u00e9is, coolers<\/strong> e muito mais. Quer algumas ideias de como montar tudo isso? D\u00e1 uma olhadinha no nosso <a class=\"\" href=\"https:\/\/www.clauwan.com.br\/blog\/\">blog<\/a> com dicas que v\u00e3o te ajudar bastante.<\/p>\n\n\n\n<h2>Clauwan \u00e9 refer\u00eancia em Loca\u00e7\u00e3o de Mesas Bistr\u00f4<\/h2>\n\n\n\n<p>Nosso servi\u00e7o \u00e9 r\u00e1pido, com entrega e retirada no prazo certo, e o melhor: custo-benef\u00edcio excelente! Quer conferir tudo o que a gente oferece? Baixe agora mesmo nosso <a class=\"\" href=\"https:\/\/materiais.clauwan.com.br\/aluguel-de-loucas\">cat\u00e1logo gratuito<\/a> e monte a festa dos seus sonhos com muito mais praticidade.<\/p>\n\n\n\n<p><strong>Ent\u00e3o<\/strong>, se voc\u00ea t\u00e1 em Vila Isabel ou por perto, j\u00e1 sabe: fale com a Clauwan e garanta sua <strong>loca\u00e7\u00e3o de mesas bistr\u00f4<\/strong> com quem entende do assunto!<\/p>\n\n\n<h3>Siga a Clauwan<\/h3>\n<p><!-- \/wp:heading --><\/p>\n<p><!-- wp:paragraph --><\/p>\n<p>Al\u00e9m disso, \u00e9 s\u00f3 clicar e seguir nosso <strong><a href=\"https:\/\/www.facebook.com\/people\/Clauwan-Eventos\/100063773146453\/\" target=\"_blank\" rel=\"noreferrer noopener\">Facebook\u00a0<\/a><\/strong>e\u00a0<strong><a href=\"https:\/\/www.instagram.com\/clauwaneventos\" target=\"_blank\" rel=\"noreferrer noopener\">Instagram<\/a>.<\/strong><\/p>\n<div class=\"gdlr-core-pbf-element\">\n<div class=\"gdlr-core-column-service-item gdlr-core-item-pdb gdlr-core-left-align gdlr-core-column-service-icon-left-title gdlr-core-no-caption gdlr-core-item-pdlr\">\n<div class=\"gdlr-core-column-service-content-wrapper\">\n<div class=\"gdlr-core-column-service-title-wrap\"><strong>DESDE 1987 \u2013 GRUPO CLAUWAN\u00a0<\/strong><\/div>\n<\/div>\n<\/div>\n<\/div>\n<div class=\"gdlr-core-pbf-element\">\n<div class=\"gdlr-core-gallery-item gdlr-core-item-pdb clearfix gdlr-core-gallery-item-style-grid\">\n<div class=\"gdlr-core-gallery-item-holder gdlr-core-js-2 clearfix\" data-layout=\"fitrows\">\n<div class=\"gdlr-core-item-list gdlr-core-gallery-column gdlr-core-column-10 gdlr-core-item-pdlr gdlr-core-item-mgb\">\n<p>No entanto, a <a href=\"https:\/\/www.google.com\/search?q=clauwan+materiais+para+festas+e+eventos&amp;sca_esv=de363b143e4128cf&amp;rlz=1C1GCEU_pt-BRBR820BR821&amp;ei=LzNcZ8f9FsSZ5OUPyerHmQY&amp;gs_ssp=eJwFwUEOgyAQBdB0215iki5cOmMxiEfwFiN8GhNrVVA5vu89X_W3lhyClM3wo39zcc7CNuIA2zWfngtM60Yv3hpmLxqHys96XLrQTzP2SadEq-5KESlrIhBOLPmfbszmHQE&amp;oq=%22clauwan%22&amp;gs_lp=Egxnd3Mtd2l6LXNlcnAiCSJjbGF1d2FuIioCCAAyExAuGIAEGEMYxwEYigUYjgUYrwEyDhAuGIAEGMcBGI4FGK8BMgQQABgeMgQQABgeMgQQABgeMgQQABgeMgYQABgFGB4yBhAAGAUYHjIGEAAYBRgeMgYQABgFGB4yIhAuGIAEGEMYxwEYigUYjgUYrwEYlwUY3AQY3gQY4ATYAQFIxCRQ8QZYsg9wAXgBkAEAmAGOAaABpAeqAQMwLje4AQHIAQD4AQGYAgmgAt4RwgIKEAAYsAMY1gQYR8ICBhAAGAcYHsICDRAuGIAEGMcBGA0YrwHCAhAQLhiABBjHARgNGI4FGK8BwgIIEAAYBxgIGB7CAgYQABgNGB7CAggQABgFGA0YHpgDAIgGAZAGCLoGBggBEAEYFJIHBzEuNy43LTGgB_4t&amp;sclient=gws-wiz-serp\"><strong>Clauwan Festas<\/strong><\/a> atende o mercado de aluguel de materiais de festas.<\/p>\n<div class=\"more\">\n<h2>Saiba Mais!<\/h2>\n<p>Entre em contato conosco via WhatsApp:\u00a0<strong><a href=\"https:\/\/bit.ly\/comercialclauwan?fbclid=IwAR3RKzFsZZmpp-HWRMde8NJvrfX5fLmK-QukRM5WqsAj-LQJlwoX-r3DvvU\">https:\/\/bit.ly\/comercialclauwan<\/a><\/strong><\/p>\n<div dir=\"auto\"><span class=\"pq6dq46d tbxw36s4 knj5qynh kvgmc6g5 ditlmg2l oygrvhab nvdbi5me sf5mxxl7 gl3lb2sf hhz5lgdu\"><img loading=\"lazy\" src=\"https:\/\/static.xx.fbcdn.net\/images\/emoji.php\/v9\/t31\/1.5\/16\/1f4f2.png\" alt=\"\ud83d\udcf2\" width=\"16\" height=\"16\" \/><\/span>\u00a0(21) 99139-5435<\/div>\n<div dir=\"auto\"><span class=\"pq6dq46d tbxw36s4 knj5qynh kvgmc6g5 ditlmg2l oygrvhab nvdbi5me sf5mxxl7 gl3lb2sf hhz5lgdu\"><img loading=\"lazy\" src=\"https:\/\/static.xx.fbcdn.net\/images\/emoji.php\/v9\/ta6\/1.5\/16\/1f4de.png\" alt=\"\ud83d\udcde\" width=\"16\" height=\"16\" \/><\/span>(21) 2577-3348<\/div>\n<div dir=\"auto\"><span class=\"pq6dq46d tbxw36s4 knj5qynh kvgmc6g5 ditlmg2l oygrvhab nvdbi5me sf5mxxl7 gl3lb2sf hhz5lgdu\"><img loading=\"lazy\" src=\"https:\/\/static.xx.fbcdn.net\/images\/emoji.php\/v9\/t17\/1.5\/16\/1f4e7.png\" alt=\"\ud83d\udce7\" width=\"16\" height=\"16\" \/><\/span>\u00a0comercial@clauwan.com.br<\/div>\n<div dir=\"auto\"><span class=\"pq6dq46d tbxw36s4 knj5qynh kvgmc6g5 ditlmg2l oygrvhab nvdbi5me sf5mxxl7 gl3lb2sf hhz5lgdu\"><img loading=\"lazy\" src=\"https:\/\/static.xx.fbcdn.net\/images\/emoji.php\/v9\/t86\/1.5\/16\/1f4cd.png\" alt=\"\ud83d\udccd\" width=\"16\" height=\"16\" \/><\/span> Rua Visconde de Abaete N.\u00ba 05 \u2013 Vila Isabel<\/div>\n<\/div>\n<\/div>\n<\/div>\n<\/div>\n<\/div>","protected":false},"excerpt":{"rendered":"<p>Loca\u00e7\u00e3o de Mesas Bistr\u00f4: Praticidade e Estilo Pro Seu Evento Se voc\u00ea t\u00e1 montando uma festa e quer algo bonito, pr\u00e1tico e que chame aten\u00e7\u00e3o, a loca\u00e7\u00e3o de mesas bistr\u00f4 [&hellip;]<\/p>\n","protected":false},"author":1,"featured_media":5743,"comment_status":"open","ping_status":"open","sticky":false,"template":"","format":"standard","meta":[],"categories":[4],"tags":[196,298,151,316,150,197],"_links":{"self":[{"href":"https:\/\/www.clauwan.com.br\/blog\/wp-json\/wp\/v2\/posts\/5154"}],"collection":[{"href":"https:\/\/www.clauwan.com.br\/blog\/wp-json\/wp\/v2\/posts"}],"about":[{"href":"https:\/\/www.clauwan.com.br\/blog\/wp-json\/wp\/v2\/types\/post"}],"author":[{"embeddable":true,"href":"https:\/\/www.clauwan.com.br\/blog\/wp-json\/wp\/v2\/users\/1"}],"replies":[{"embeddable":true,"href":"https:\/\/www.clauwan.com.br\/blog\/wp-json\/wp\/v2\/comments?post=5154"}],"version-history":[{"count":2,"href":"https:\/\/www.clauwan.com.br\/blog\/wp-json\/wp\/v2\/posts\/5154\/revisions"}],"predecessor-version":[{"id":8227,"href":"https:\/\/www.clauwan.com.br\/blog\/wp-json\/wp\/v2\/posts\/5154\/revisions\/8227"}],"wp:featuredmedia":[{"embeddable":true,"href":"https:\/\/www.clauwan.com.br\/blog\/wp-json\/wp\/v2\/media\/5743"}],"wp:attachment":[{"href":"https:\/\/www.clauwan.com.br\/blog\/wp-json\/wp\/v2\/media?parent=5154"}],"wp:term":[{"taxonomy":"category","embeddable":true,"href":"https:\/\/www.clauwan.com.br\/blog\/wp-json\/wp\/v2\/categories?post=5154"},{"taxonomy":"post_tag","embeddable":true,"href":"https:\/\/www.clauwan.com.br\/blog\/wp-json\/wp\/v2\/tags?post=5154"}],"curies":[{"name":"wp","href":"https:\/\/api.w.org\/{rel}","templated":true}]}}