{"id":4721,"date":"2025-11-07T08:25:55","date_gmt":"2025-11-07T11:25:55","guid":{"rendered":"https:\/\/www.clauwan.com.br\/blog\/?p=4721"},"modified":"2025-11-07T08:26:00","modified_gmt":"2025-11-07T11:26:00","slug":"locacao-de-mesas-e-cadeiras-na-zona-oeste","status":"publish","type":"post","link":"https:\/\/www.clauwan.com.br\/blog\/locacao-de-mesas-e-cadeiras-na-zona-oeste\/","title":{"rendered":"Loca\u00e7\u00e3o de Mesas e Cadeiras na Zona Oeste"},"content":{"rendered":"\n<h2>Loca\u00e7\u00e3o de Mesas e Cadeiras na Zona Oeste com a Clauwan<\/h2>\n\n\n\n<p>T\u00e1 precisando de <strong>loca\u00e7\u00e3o de mesas e cadeiras na Zona Oeste<\/strong>? Ent\u00e3o j\u00e1 pode parar de procurar! A Clauwan leva tudo at\u00e9 voc\u00ea, com praticidade, bons pre\u00e7os e um atendimento que realmente resolve. Ali\u00e1s, al\u00e9m da Zona Oeste, tamb\u00e9m atendemos outras regi\u00f5es do Rio, o que facilita muito na hora de organizar qualquer tipo de evento.<\/p>\n\n\n\n<p>Por isso, com a gente, voc\u00ea consegue montar sua festa com agilidade e sem dor de cabe\u00e7a. \u00c9 s\u00f3 entrar em contato que a gente faz um or\u00e7amento rapidinho e do jeitinho que voc\u00ea precisa.<\/p>\n\n\n\n<figure class=\"wp-block-image size-large\"><img loading=\"lazy\" width=\"819\" height=\"1024\" src=\"http:\/\/www.clauwan.com.br\/blog\/wp-content\/uploads\/2024\/12\/WhatsApp-Image-2024-12-02-at-10.00.14-819x1024.jpeg\" alt=\"\" class=\"wp-image-4847\" srcset=\"https:\/\/www.clauwan.com.br\/blog\/wp-content\/uploads\/2024\/12\/WhatsApp-Image-2024-12-02-at-10.00.14-819x1024.jpeg 819w, https:\/\/www.clauwan.com.br\/blog\/wp-content\/uploads\/2024\/12\/WhatsApp-Image-2024-12-02-at-10.00.14-240x300.jpeg 240w, https:\/\/www.clauwan.com.br\/blog\/wp-content\/uploads\/2024\/12\/WhatsApp-Image-2024-12-02-at-10.00.14-768x960.jpeg 768w, https:\/\/www.clauwan.com.br\/blog\/wp-content\/uploads\/2024\/12\/WhatsApp-Image-2024-12-02-at-10.00.14-750x938.jpeg 750w, https:\/\/www.clauwan.com.br\/blog\/wp-content\/uploads\/2024\/12\/WhatsApp-Image-2024-12-02-at-10.00.14.jpeg 1080w\" sizes=\"(max-width: 819px) 100vw, 819px\" \/><\/figure>\n\n\n\n<h2>Motivos pra escolher a Clauwan na Loca\u00e7\u00e3o de Mesas e Cadeiras na Zona Oeste<\/h2>\n\n\n\n<p>Primeiro de tudo: confian\u00e7a. J\u00e1 estamos h\u00e1 um bom tempo no mercado e sabemos o que funciona. Nossos produtos s\u00e3o bem cuidados e a entrega \u00e9 sempre no prazo. Al\u00e9m disso, temos v\u00e1rios modelos de mesas e cadeiras que combinam com diferentes estilos de festas \u2014 das mais simples \u00e0s mais sofisticadas.<\/p>\n\n\n\n<p>E claro, se quiser completar a montagem com mais charme, temos <a class=\"\" href=\"https:\/\/materiais.clauwan.com.br\/aluguel-de-loucas\">aluguel de lou\u00e7as<\/a> tamb\u00e9m! Esses detalhes fazem toda a diferen\u00e7a no resultado final.<\/p>\n\n\n\n<h2>Dicas e Inspira\u00e7\u00f5es para Loca\u00e7\u00e3o de Mesas e Cadeiras<\/h2>\n\n\n\n<p>N\u00e3o sabe quantas cadeiras vai precisar? Ou como montar os espa\u00e7os com praticidade? No nosso <a class=\"\" href=\"https:\/\/www.clauwan.com.br\/blog\/\">blog<\/a> tem v\u00e1rias dicas e ideias pra te ajudar a montar uma festa linda, sem exageros e com bom gosto.<\/p>\n\n\n\n<p>Enfim, se a sua festa vai acontecer por a\u00ed, fale com a gente! A <strong>loca\u00e7\u00e3o de mesas e cadeiras na Zona Oeste<\/strong> com a Clauwan \u00e9 sin\u00f4nimo de praticidade, qualidade e aquele atendimento que voc\u00ea merece.<\/p>\n\n\n<h3>Siga a Clauwan<\/h3>\n<p><!-- \/wp:heading --><\/p>\n<p><!-- wp:paragraph --><\/p>\n<p>Al\u00e9m disso, \u00e9 s\u00f3 clicar e seguir nosso <strong><a href=\"https:\/\/www.facebook.com\/people\/Clauwan-Eventos\/100063773146453\/\" target=\"_blank\" rel=\"noreferrer noopener\">Facebook&nbsp;<\/a><\/strong>e&nbsp;<strong><a href=\"https:\/\/www.instagram.com\/clauwaneventos\" target=\"_blank\" rel=\"noreferrer noopener\">Instagram<\/a>.<\/strong><\/p>\n<div class=\"gdlr-core-pbf-element\">\n<div class=\"gdlr-core-column-service-item gdlr-core-item-pdb gdlr-core-left-align gdlr-core-column-service-icon-left-title gdlr-core-no-caption gdlr-core-item-pdlr\">\n<div class=\"gdlr-core-column-service-content-wrapper\">\n<div class=\"gdlr-core-column-service-title-wrap\"><strong>DESDE 1987 \u2013 GRUPO CLAUWAN&nbsp;<\/strong><\/div>\n<\/div>\n<\/div>\n<\/div>\n<div class=\"gdlr-core-pbf-element\">\n<div class=\"gdlr-core-gallery-item gdlr-core-item-pdb clearfix gdlr-core-gallery-item-style-grid\">\n<div class=\"gdlr-core-gallery-item-holder gdlr-core-js-2 clearfix\" data-layout=\"fitrows\">\n<div class=\"gdlr-core-item-list gdlr-core-gallery-column gdlr-core-column-10 gdlr-core-item-pdlr gdlr-core-item-mgb\">\n<p>No entanto, a <a href=\"https:\/\/www.google.com\/search?q=clauwan+materiais+para+festas+e+eventos&amp;sca_esv=de363b143e4128cf&amp;rlz=1C1GCEU_pt-BRBR820BR821&amp;ei=LzNcZ8f9FsSZ5OUPyerHmQY&amp;gs_ssp=eJwFwUEOgyAQBdB0215iki5cOmMxiEfwFiN8GhNrVVA5vu89X_W3lhyClM3wo39zcc7CNuIA2zWfngtM60Yv3hpmLxqHys96XLrQTzP2SadEq-5KESlrIhBOLPmfbszmHQE&amp;oq=%22clauwan%22&amp;gs_lp=Egxnd3Mtd2l6LXNlcnAiCSJjbGF1d2FuIioCCAAyExAuGIAEGEMYxwEYigUYjgUYrwEyDhAuGIAEGMcBGI4FGK8BMgQQABgeMgQQABgeMgQQABgeMgQQABgeMgYQABgFGB4yBhAAGAUYHjIGEAAYBRgeMgYQABgFGB4yIhAuGIAEGEMYxwEYigUYjgUYrwEYlwUY3AQY3gQY4ATYAQFIxCRQ8QZYsg9wAXgBkAEAmAGOAaABpAeqAQMwLje4AQHIAQD4AQGYAgmgAt4RwgIKEAAYsAMY1gQYR8ICBhAAGAcYHsICDRAuGIAEGMcBGA0YrwHCAhAQLhiABBjHARgNGI4FGK8BwgIIEAAYBxgIGB7CAgYQABgNGB7CAggQABgFGA0YHpgDAIgGAZAGCLoGBggBEAEYFJIHBzEuNy43LTGgB_4t&amp;sclient=gws-wiz-serp\"><strong>Clauwan Festas<\/strong><\/a> atende o mercado de aluguel de materiais de festas.<\/p>\n<div class=\"more\">\n<h2>Saiba Mais!<\/h2>\n<p>Entre em contato conosco via WhatsApp:&nbsp;<strong><a href=\"https:\/\/bit.ly\/comercialclauwan?fbclid=IwAR3RKzFsZZmpp-HWRMde8NJvrfX5fLmK-QukRM5WqsAj-LQJlwoX-r3DvvU\">https:\/\/bit.ly\/comercialclauwan<\/a><\/strong><\/p>\n<div dir=\"auto\"><span class=\"pq6dq46d tbxw36s4 knj5qynh kvgmc6g5 ditlmg2l oygrvhab nvdbi5me sf5mxxl7 gl3lb2sf hhz5lgdu\"><img loading=\"lazy\" src=\"https:\/\/static.xx.fbcdn.net\/images\/emoji.php\/v9\/t31\/1.5\/16\/1f4f2.png\" alt=\"\ud83d\udcf2\" width=\"16\" height=\"16\"><\/span>&nbsp;(21) 99139-5435<\/div>\n<div dir=\"auto\"><span class=\"pq6dq46d tbxw36s4 knj5qynh kvgmc6g5 ditlmg2l oygrvhab nvdbi5me sf5mxxl7 gl3lb2sf hhz5lgdu\"><img loading=\"lazy\" src=\"https:\/\/static.xx.fbcdn.net\/images\/emoji.php\/v9\/ta6\/1.5\/16\/1f4de.png\" alt=\"\ud83d\udcde\" width=\"16\" height=\"16\"><\/span>(21) 2577-3348<\/div>\n<div dir=\"auto\"><span class=\"pq6dq46d tbxw36s4 knj5qynh kvgmc6g5 ditlmg2l oygrvhab nvdbi5me sf5mxxl7 gl3lb2sf hhz5lgdu\"><img loading=\"lazy\" src=\"https:\/\/static.xx.fbcdn.net\/images\/emoji.php\/v9\/t17\/1.5\/16\/1f4e7.png\" alt=\"\ud83d\udce7\" width=\"16\" height=\"16\"><\/span>&nbsp;comercial@clauwan.com.br<\/div>\n<div dir=\"auto\"><span class=\"pq6dq46d tbxw36s4 knj5qynh kvgmc6g5 ditlmg2l oygrvhab nvdbi5me sf5mxxl7 gl3lb2sf hhz5lgdu\"><img loading=\"lazy\" src=\"https:\/\/static.xx.fbcdn.net\/images\/emoji.php\/v9\/t86\/1.5\/16\/1f4cd.png\" alt=\"\ud83d\udccd\" width=\"16\" height=\"16\"><\/span> Rua Visconde de Abaete N.\u00ba 05 \u2013 Vila Isabel<\/div>\n<\/div>\n<\/div>\n<\/div>\n<\/div>\n<\/div>","protected":false},"excerpt":{"rendered":"<p>Loca\u00e7\u00e3o de Mesas e Cadeiras na Zona Oeste com a Clauwan T\u00e1 precisando de loca\u00e7\u00e3o de mesas e cadeiras na Zona Oeste? Ent\u00e3o j\u00e1 pode parar de procurar! A Clauwan [&hellip;]<\/p>\n","protected":false},"author":1,"featured_media":8900,"comment_status":"open","ping_status":"open","sticky":false,"template":"","format":"standard","meta":[],"categories":[4],"tags":[298,151,177,316,150,40],"_links":{"self":[{"href":"https:\/\/www.clauwan.com.br\/blog\/wp-json\/wp\/v2\/posts\/4721"}],"collection":[{"href":"https:\/\/www.clauwan.com.br\/blog\/wp-json\/wp\/v2\/posts"}],"about":[{"href":"https:\/\/www.clauwan.com.br\/blog\/wp-json\/wp\/v2\/types\/post"}],"author":[{"embeddable":true,"href":"https:\/\/www.clauwan.com.br\/blog\/wp-json\/wp\/v2\/users\/1"}],"replies":[{"embeddable":true,"href":"https:\/\/www.clauwan.com.br\/blog\/wp-json\/wp\/v2\/comments?post=4721"}],"version-history":[{"count":4,"href":"https:\/\/www.clauwan.com.br\/blog\/wp-json\/wp\/v2\/posts\/4721\/revisions"}],"predecessor-version":[{"id":9018,"href":"https:\/\/www.clauwan.com.br\/blog\/wp-json\/wp\/v2\/posts\/4721\/revisions\/9018"}],"wp:featuredmedia":[{"embeddable":true,"href":"https:\/\/www.clauwan.com.br\/blog\/wp-json\/wp\/v2\/media\/8900"}],"wp:attachment":[{"href":"https:\/\/www.clauwan.com.br\/blog\/wp-json\/wp\/v2\/media?parent=4721"}],"wp:term":[{"taxonomy":"category","embeddable":true,"href":"https:\/\/www.clauwan.com.br\/blog\/wp-json\/wp\/v2\/categories?post=4721"},{"taxonomy":"post_tag","embeddable":true,"href":"https:\/\/www.clauwan.com.br\/blog\/wp-json\/wp\/v2\/tags?post=4721"}],"curies":[{"name":"wp","href":"https:\/\/api.w.org\/{rel}","templated":true}]}}