{"id":4716,"date":"2026-04-28T10:02:39","date_gmt":"2026-04-28T13:02:39","guid":{"rendered":"https:\/\/www.clauwan.com.br\/blog\/?p=4716"},"modified":"2026-04-28T10:02:40","modified_gmt":"2026-04-28T13:02:40","slug":"locacao-de-mesas-e-cadeiras-para-museu-do-amanha","status":"publish","type":"post","link":"https:\/\/www.clauwan.com.br\/blog\/locacao-de-mesas-e-cadeiras-para-museu-do-amanha\/","title":{"rendered":"Loca\u00e7\u00e3o de Mesas e Cadeiras para Museu do Amanh\u00e3"},"content":{"rendered":"\n<h2>Loca\u00e7\u00e3o de Mesas e Cadeiras para Museu do Amanh\u00e3: Praticidade e Qualidade no Seu Evento<\/h2>\n\n\n\n<p>Se voc\u00ea quer praticidade e bom atendimento na <strong>loca\u00e7\u00e3o de mesas e cadeiras para Museu do Amanh\u00e3<\/strong>, pode contar com a Clauwan! A gente trabalha com aluguel de qualidade, entrega r\u00e1pida e pre\u00e7os que cabem no bolso. Al\u00e9m disso, nosso foco \u00e9 garantir que o seu evento saia exatamente como voc\u00ea imaginou \u2014 bonito, bem organizado e confort\u00e1vel.<\/p>\n\n\n\n<p>Ali\u00e1s, falar com a nossa equipe \u00e9 super f\u00e1cil. \u00c9 s\u00f3 mandar mensagem e a gente j\u00e1 te ajuda com or\u00e7amento, sugest\u00f5es e o que mais precisar. E o melhor: com a Clauwan, voc\u00ea aluga sem dor de cabe\u00e7a.<\/p>\n\n\n\n<figure class=\"wp-block-image size-full\"><img loading=\"lazy\" width=\"773\" height=\"773\" src=\"http:\/\/www.clauwan.com.br\/blog\/wp-content\/uploads\/2025\/07\/MESAS-E-CADEIRAS-4.jpg\" alt=\"\" class=\"wp-image-8900\" srcset=\"https:\/\/www.clauwan.com.br\/blog\/wp-content\/uploads\/2025\/07\/MESAS-E-CADEIRAS-4.jpg 773w, https:\/\/www.clauwan.com.br\/blog\/wp-content\/uploads\/2025\/07\/MESAS-E-CADEIRAS-4-300x300.jpg 300w, https:\/\/www.clauwan.com.br\/blog\/wp-content\/uploads\/2025\/07\/MESAS-E-CADEIRAS-4-150x150.jpg 150w, https:\/\/www.clauwan.com.br\/blog\/wp-content\/uploads\/2025\/07\/MESAS-E-CADEIRAS-4-768x768.jpg 768w, https:\/\/www.clauwan.com.br\/blog\/wp-content\/uploads\/2025\/07\/MESAS-E-CADEIRAS-4-750x750.jpg 750w\" sizes=\"(max-width: 773px) 100vw, 773px\" \/><\/figure>\n\n\n\n<h2>Motivos pra escolher a Clauwan na Loca\u00e7\u00e3o de Mesas e Cadeiras para Museu do Amanh\u00e3<\/h2>\n\n\n\n<p>A Clauwan j\u00e1 t\u00e1 h\u00e1 um bom tempo nesse mercado, ent\u00e3o sabemos exatamente o que funciona pra cada tipo de evento. Seja festa de anivers\u00e1rio, casamento, evento corporativo ou reuni\u00e3o de fam\u00edlia, temos sempre a solu\u00e7\u00e3o ideal.<\/p>\n\n\n\n<p>Al\u00e9m disso, todas as nossas mesas e cadeiras s\u00e3o bem cuidadas, limpas e resistentes. Ou seja, al\u00e9m de pr\u00e1ticas, ajudam a deixar tudo mais bonito. E mais: a entrega \u00e9 feita no hor\u00e1rio combinado e com todo cuidado.<\/p>\n\n\n\n<p>E se voc\u00ea quiser deixar sua mesa ainda mais bonita, aproveite pra conferir nosso <a class=\"\" href=\"https:\/\/materiais.clauwan.com.br\/aluguel-de-loucas\">aluguel de lou\u00e7as<\/a>. D\u00e1 um toque especial que faz diferen\u00e7a no visual da festa.<\/p>\n\n\n\n<h2>Mais dicas sobre Loca\u00e7\u00e3o de Mesas e Cadeiras para Museu do Amanh\u00e3<\/h2>\n\n\n\n<p>T\u00e1 com d\u00favida sobre quantas mesas alugar ou como organizar o espa\u00e7o? D\u00e1 uma passada no nosso <a class=\"\" href=\"https:\/\/www.clauwan.com.br\/blog\/\">blog<\/a>. L\u00e1 tem v\u00e1rias dicas, ideias e solu\u00e7\u00f5es pra te ajudar a montar tudo direitinho!<\/p>\n\n\n\n<p>Ent\u00e3o, se o que voc\u00ea quer \u00e9 praticidade, bom gosto e confian\u00e7a na <strong>loca\u00e7\u00e3o de mesas e cadeiras para Museu do Amanh\u00e3<\/strong>, fale com a Clauwan. Estamos prontos pra atender voc\u00ea!<\/p>\n\n\n<h3>Siga a Clauwan<\/h3>\n<p><!-- \/wp:heading --><\/p>\n<p><!-- wp:paragraph --><\/p>\n<p>Al\u00e9m disso, \u00e9 s\u00f3 clicar e seguir nosso <strong><a href=\"https:\/\/www.facebook.com\/people\/Clauwan-Eventos\/100063773146453\/\" target=\"_blank\" rel=\"noreferrer noopener\">Facebook\u00a0<\/a><\/strong>e\u00a0<strong><a href=\"https:\/\/www.instagram.com\/clauwaneventos\" target=\"_blank\" rel=\"noreferrer noopener\">Instagram<\/a>.<\/strong><\/p>\n<div class=\"gdlr-core-pbf-element\">\n<div class=\"gdlr-core-column-service-item gdlr-core-item-pdb gdlr-core-left-align gdlr-core-column-service-icon-left-title gdlr-core-no-caption gdlr-core-item-pdlr\">\n<div class=\"gdlr-core-column-service-content-wrapper\">\n<div class=\"gdlr-core-column-service-title-wrap\"><strong>DESDE 1987 \u2013 GRUPO CLAUWAN\u00a0<\/strong><\/div>\n<\/div>\n<\/div>\n<\/div>\n<div class=\"gdlr-core-pbf-element\">\n<div class=\"gdlr-core-gallery-item gdlr-core-item-pdb clearfix gdlr-core-gallery-item-style-grid\">\n<div class=\"gdlr-core-gallery-item-holder gdlr-core-js-2 clearfix\" data-layout=\"fitrows\">\n<div class=\"gdlr-core-item-list gdlr-core-gallery-column gdlr-core-column-10 gdlr-core-item-pdlr gdlr-core-item-mgb\">\n<p>No entanto, a <a href=\"https:\/\/www.google.com\/search?q=clauwan+materiais+para+festas+e+eventos&amp;sca_esv=de363b143e4128cf&amp;rlz=1C1GCEU_pt-BRBR820BR821&amp;ei=LzNcZ8f9FsSZ5OUPyerHmQY&amp;gs_ssp=eJwFwUEOgyAQBdB0215iki5cOmMxiEfwFiN8GhNrVVA5vu89X_W3lhyClM3wo39zcc7CNuIA2zWfngtM60Yv3hpmLxqHys96XLrQTzP2SadEq-5KESlrIhBOLPmfbszmHQE&amp;oq=%22clauwan%22&amp;gs_lp=Egxnd3Mtd2l6LXNlcnAiCSJjbGF1d2FuIioCCAAyExAuGIAEGEMYxwEYigUYjgUYrwEyDhAuGIAEGMcBGI4FGK8BMgQQABgeMgQQABgeMgQQABgeMgQQABgeMgYQABgFGB4yBhAAGAUYHjIGEAAYBRgeMgYQABgFGB4yIhAuGIAEGEMYxwEYigUYjgUYrwEYlwUY3AQY3gQY4ATYAQFIxCRQ8QZYsg9wAXgBkAEAmAGOAaABpAeqAQMwLje4AQHIAQD4AQGYAgmgAt4RwgIKEAAYsAMY1gQYR8ICBhAAGAcYHsICDRAuGIAEGMcBGA0YrwHCAhAQLhiABBjHARgNGI4FGK8BwgIIEAAYBxgIGB7CAgYQABgNGB7CAggQABgFGA0YHpgDAIgGAZAGCLoGBggBEAEYFJIHBzEuNy43LTGgB_4t&amp;sclient=gws-wiz-serp\"><strong>Clauwan Festas<\/strong><\/a> atende o mercado de aluguel de materiais de festas.<\/p>\n<div class=\"more\">\n<h2>Saiba Mais!<\/h2>\n<p>Entre em contato conosco via WhatsApp:\u00a0<strong><a href=\"https:\/\/bit.ly\/comercialclauwan?fbclid=IwAR3RKzFsZZmpp-HWRMde8NJvrfX5fLmK-QukRM5WqsAj-LQJlwoX-r3DvvU\">https:\/\/bit.ly\/comercialclauwan<\/a><\/strong><\/p>\n<div dir=\"auto\"><span class=\"pq6dq46d tbxw36s4 knj5qynh kvgmc6g5 ditlmg2l oygrvhab nvdbi5me sf5mxxl7 gl3lb2sf hhz5lgdu\"><img loading=\"lazy\" src=\"https:\/\/static.xx.fbcdn.net\/images\/emoji.php\/v9\/t31\/1.5\/16\/1f4f2.png\" alt=\"\ud83d\udcf2\" width=\"16\" height=\"16\" \/><\/span> (21) 99225-6661<\/div>\n<div dir=\"auto\"><span class=\"pq6dq46d tbxw36s4 knj5qynh kvgmc6g5 ditlmg2l oygrvhab nvdbi5me sf5mxxl7 gl3lb2sf hhz5lgdu\"><img loading=\"lazy\" src=\"https:\/\/static.xx.fbcdn.net\/images\/emoji.php\/v9\/ta6\/1.5\/16\/1f4de.png\" alt=\"\ud83d\udcde\" width=\"16\" height=\"16\" \/><\/span>(21) 2578-8488<\/div>\n<div dir=\"auto\"><span class=\"pq6dq46d tbxw36s4 knj5qynh kvgmc6g5 ditlmg2l oygrvhab nvdbi5me sf5mxxl7 gl3lb2sf hhz5lgdu\"><img loading=\"lazy\" src=\"https:\/\/static.xx.fbcdn.net\/images\/emoji.php\/v9\/t17\/1.5\/16\/1f4e7.png\" alt=\"\ud83d\udce7\" width=\"16\" height=\"16\" \/><\/span>\u00a0comercial@clauwan.com.br<\/div>\n<div dir=\"auto\"><span class=\"pq6dq46d tbxw36s4 knj5qynh kvgmc6g5 ditlmg2l oygrvhab nvdbi5me sf5mxxl7 gl3lb2sf hhz5lgdu\"><img loading=\"lazy\" src=\"https:\/\/static.xx.fbcdn.net\/images\/emoji.php\/v9\/t86\/1.5\/16\/1f4cd.png\" alt=\"\ud83d\udccd\" width=\"16\" height=\"16\" \/><\/span> Rua Visconde de Abaete N.\u00ba 05 \u2013 Vila Isabel<\/div>\n<\/div>\n<\/div>\n<\/div>\n<\/div>\n<\/div>","protected":false},"excerpt":{"rendered":"<p>Loca\u00e7\u00e3o de Mesas e Cadeiras para Museu do Amanh\u00e3: Praticidade e Qualidade no Seu Evento Se voc\u00ea quer praticidade e bom atendimento na loca\u00e7\u00e3o de mesas e cadeiras para Museu [&hellip;]<\/p>\n","protected":false},"author":1,"featured_media":8870,"comment_status":"open","ping_status":"open","sticky":false,"template":"","format":"standard","meta":[],"categories":[4],"tags":[298,151,177,316,150],"_links":{"self":[{"href":"https:\/\/www.clauwan.com.br\/blog\/wp-json\/wp\/v2\/posts\/4716"}],"collection":[{"href":"https:\/\/www.clauwan.com.br\/blog\/wp-json\/wp\/v2\/posts"}],"about":[{"href":"https:\/\/www.clauwan.com.br\/blog\/wp-json\/wp\/v2\/types\/post"}],"author":[{"embeddable":true,"href":"https:\/\/www.clauwan.com.br\/blog\/wp-json\/wp\/v2\/users\/1"}],"replies":[{"embeddable":true,"href":"https:\/\/www.clauwan.com.br\/blog\/wp-json\/wp\/v2\/comments?post=4716"}],"version-history":[{"count":5,"href":"https:\/\/www.clauwan.com.br\/blog\/wp-json\/wp\/v2\/posts\/4716\/revisions"}],"predecessor-version":[{"id":10836,"href":"https:\/\/www.clauwan.com.br\/blog\/wp-json\/wp\/v2\/posts\/4716\/revisions\/10836"}],"wp:featuredmedia":[{"embeddable":true,"href":"https:\/\/www.clauwan.com.br\/blog\/wp-json\/wp\/v2\/media\/8870"}],"wp:attachment":[{"href":"https:\/\/www.clauwan.com.br\/blog\/wp-json\/wp\/v2\/media?parent=4716"}],"wp:term":[{"taxonomy":"category","embeddable":true,"href":"https:\/\/www.clauwan.com.br\/blog\/wp-json\/wp\/v2\/categories?post=4716"},{"taxonomy":"post_tag","embeddable":true,"href":"https:\/\/www.clauwan.com.br\/blog\/wp-json\/wp\/v2\/tags?post=4716"}],"curies":[{"name":"wp","href":"https:\/\/api.w.org\/{rel}","templated":true}]}}