{"id":384,"date":"2020-09-23T13:35:17","date_gmt":"2020-09-23T16:35:17","guid":{"rendered":"http:\/\/www.clauwan.com.br\/blog\/?p=384"},"modified":"2021-02-09T15:35:23","modified_gmt":"2021-02-09T17:35:23","slug":"aluguel-de-moveis-e-pecas-decorativas-para-sua-festa-em-casa-com-uma-decoracao-simples-e-elegante","status":"publish","type":"post","link":"https:\/\/www.clauwan.com.br\/blog\/aluguel-de-moveis-e-pecas-decorativas-para-sua-festa-em-casa-com-uma-decoracao-simples-e-elegante\/","title":{"rendered":"Festa em Casa! Aluguel de m\u00f3veis e pe\u00e7as decorativas para uma decora\u00e7\u00e3o simples e elegante\u00a0\u00a0"},"content":{"rendered":"<h2 style=\"text-align: justify;\"><span style=\"font-weight: 400;\">Fazer festa em casa \u00e9 uma del\u00edcia! Estar rodeado dos grandes amigos e perto daqueles que amamos n\u00e3o tem pre\u00e7o.<\/span><\/h2>\n<p>O ano de 2020, sem d\u00favida, fez com que momentos simples como esse ganhassem o seu devido valor, n\u00e3o \u00e9 mesmo?\u00a0Com op\u00e7\u00f5es reduzidas de locais para realizar a sua comemora\u00e7\u00e3o, uma op\u00e7\u00e3o que tem ganhado for\u00e7a \u00e9 a <strong>festa em casa<\/strong>. Sabemos tamb\u00e9m que embora exista o desejo \u00e9 nesse momento que surgem os dilemas:<\/p>\n<h3 style=\"text-align: justify;\"><span style=\"color: #014c76;\"><b>&#8211; Como vou comemorar meu anivers\u00e1rio em casa se n\u00e3o possuo estrutura para isso?<\/b><\/span><\/h3>\n<h3 style=\"text-align: justify;\"><span style=\"color: #014c76;\"><b>&#8211; Onde posso conseguir aluguel de m\u00f3veis e pe\u00e7as decorativas com bom custo x benef\u00edcio?<\/b><\/span><\/h3>\n<p><strong>Na Clauwan Festas oferecemos a solu\u00e7\u00e3o completa para voc\u00ea realizar seu anivers\u00e1rio em casa com uma decora\u00e7\u00e3o simples e elegante!<\/strong><\/p>\n<p>Nosso mobili\u00e1rio r\u00fastico em madeira de demoli\u00e7\u00e3o conta com <strong>mesas para bolo, lounges, bar, estante, mesas para os convidados, al\u00e9m de um biombo que garante um lindo cen\u00e1rio para as fotos!<\/strong><\/p>\n<p><img loading=\"lazy\" class=\"aligncenter wp-image-386 size-full\" src=\"http:\/\/www.clauwan.com.br\/blog\/wp-content\/uploads\/2020\/09\/festa-em-casa-decoracao-simples-e1600877557644.jpg\" alt=\"Festa em Casa com Decora\u00e7\u00e3o simples - Loca\u00e7\u00e3o de M\u00f3veis e Pe\u00e7as\" width=\"3627\" height=\"1949\" srcset=\"https:\/\/www.clauwan.com.br\/blog\/wp-content\/uploads\/2020\/09\/festa-em-casa-decoracao-simples-e1600877557644.jpg 3627w, https:\/\/www.clauwan.com.br\/blog\/wp-content\/uploads\/2020\/09\/festa-em-casa-decoracao-simples-e1600877557644-300x161.jpg 300w, https:\/\/www.clauwan.com.br\/blog\/wp-content\/uploads\/2020\/09\/festa-em-casa-decoracao-simples-e1600877557644-768x413.jpg 768w, https:\/\/www.clauwan.com.br\/blog\/wp-content\/uploads\/2020\/09\/festa-em-casa-decoracao-simples-e1600877557644-1024x550.jpg 1024w, https:\/\/www.clauwan.com.br\/blog\/wp-content\/uploads\/2020\/09\/festa-em-casa-decoracao-simples-e1600877557644-750x403.jpg 750w\" sizes=\"(max-width: 3627px) 100vw, 3627px\" \/><\/p>\n<p>&nbsp;<\/p>\n<p>Al\u00e9m do mobili\u00e1rio, <strong>uma dica \u00e9 apostar em enfeites de anivers\u00e1rio que sejam personalizados e n\u00e3o muito caros, como por exemplo, a papelaria personalizada<\/strong>. Com itens simples voc\u00ea consegue montar uma mesa linda para as fotos.<\/p>\n<p><strong>Na Clauwan Festas, al\u00e9m da loca\u00e7\u00e3o de m\u00f3veis para festa oferecemos tamb\u00e9m pe\u00e7as decorativas como bandejas, pratos de bolo, ta\u00e7as, toalhas e rechaud<\/strong>.<\/p>\n<p><img loading=\"lazy\" class=\"wp-image-388 alignleft\" src=\"http:\/\/www.clauwan.com.br\/blog\/wp-content\/uploads\/2020\/09\/festa-em-casa-locacao-de-moveis-clauwan.jpg\" alt=\"\" width=\"202\" height=\"202\" srcset=\"https:\/\/www.clauwan.com.br\/blog\/wp-content\/uploads\/2020\/09\/festa-em-casa-locacao-de-moveis-clauwan.jpg 1000w, https:\/\/www.clauwan.com.br\/blog\/wp-content\/uploads\/2020\/09\/festa-em-casa-locacao-de-moveis-clauwan-150x150.jpg 150w, https:\/\/www.clauwan.com.br\/blog\/wp-content\/uploads\/2020\/09\/festa-em-casa-locacao-de-moveis-clauwan-300x300.jpg 300w, https:\/\/www.clauwan.com.br\/blog\/wp-content\/uploads\/2020\/09\/festa-em-casa-locacao-de-moveis-clauwan-768x768.jpg 768w, https:\/\/www.clauwan.com.br\/blog\/wp-content\/uploads\/2020\/09\/festa-em-casa-locacao-de-moveis-clauwan-750x750.jpg 750w\" sizes=\"(max-width: 202px) 100vw, 202px\" \/> <img loading=\"lazy\" class=\"wp-image-397 alignleft\" src=\"http:\/\/www.clauwan.com.br\/blog\/wp-content\/uploads\/2020\/09\/festa-em-casa-locacao-de-moveis-clauwan-.jpg\" alt=\"\" width=\"116\" height=\"172\" srcset=\"https:\/\/www.clauwan.com.br\/blog\/wp-content\/uploads\/2020\/09\/festa-em-casa-locacao-de-moveis-clauwan-.jpg 239w, https:\/\/www.clauwan.com.br\/blog\/wp-content\/uploads\/2020\/09\/festa-em-casa-locacao-de-moveis-clauwan--201x300.jpg 201w\" sizes=\"(max-width: 116px) 100vw, 116px\" \/><img loading=\"lazy\" class=\"wp-image-391 alignleft\" src=\"http:\/\/www.clauwan.com.br\/blog\/wp-content\/uploads\/2020\/09\/festa-em-casa-locacao-de-moveis-clauwan4.jpg\" alt=\"\" width=\"210\" height=\"210\" srcset=\"https:\/\/www.clauwan.com.br\/blog\/wp-content\/uploads\/2020\/09\/festa-em-casa-locacao-de-moveis-clauwan4.jpg 500w, https:\/\/www.clauwan.com.br\/blog\/wp-content\/uploads\/2020\/09\/festa-em-casa-locacao-de-moveis-clauwan4-150x150.jpg 150w, https:\/\/www.clauwan.com.br\/blog\/wp-content\/uploads\/2020\/09\/festa-em-casa-locacao-de-moveis-clauwan4-300x300.jpg 300w\" sizes=\"(max-width: 210px) 100vw, 210px\" \/><\/p>\n<p>&nbsp;<\/p>\n<p>&nbsp;<\/p>\n<p>&nbsp;<\/p>\n<p>&nbsp;<\/p>\n<p>&nbsp;<\/p>\n<p>&nbsp;<\/p>\n<p>Ao realizar a loca\u00e7\u00e3o de todos os itens para a sua <strong>festa em casa<\/strong> em uma s\u00f3 empresa voc\u00ea economiza no frete e evita imprevistos como atraso ou desencontro na entrega \u2013 comuns ao gerenciar mais de um fornecedor.<\/p>\n<p>Entre em contato conosco e solicite nosso cat\u00e1logo de pe\u00e7as via Whatsapp clicando <a href=\"https:\/\/bit.ly\/comercialclauwan\">aqui<\/a>.<\/p>\n<p>Conhe\u00e7a outros <a href=\"https:\/\/materiais.clauwan.com.br\/materiais-de-festas\/?utm_source=Blog&amp;utm_medium=banner%20lateral&amp;utm_campaign=blog%20-%20materiais%20para%20festa\">materiais de festas<\/a> da Clauwan.<\/p>\n","protected":false},"excerpt":{"rendered":"<p>Festa em Casa! Aluguel de m\u00f3veis e pe\u00e7as decorativas para realizar seu anivers\u00e1rio em casa com uma decora\u00e7\u00e3o simples e elegante\u00a0\u00a0<\/p>\n","protected":false},"author":1,"featured_media":498,"comment_status":"open","ping_status":"open","sticky":false,"template":"","format":"standard","meta":[],"categories":[4],"tags":[46,47,44,45],"_links":{"self":[{"href":"https:\/\/www.clauwan.com.br\/blog\/wp-json\/wp\/v2\/posts\/384"}],"collection":[{"href":"https:\/\/www.clauwan.com.br\/blog\/wp-json\/wp\/v2\/posts"}],"about":[{"href":"https:\/\/www.clauwan.com.br\/blog\/wp-json\/wp\/v2\/types\/post"}],"author":[{"embeddable":true,"href":"https:\/\/www.clauwan.com.br\/blog\/wp-json\/wp\/v2\/users\/1"}],"replies":[{"embeddable":true,"href":"https:\/\/www.clauwan.com.br\/blog\/wp-json\/wp\/v2\/comments?post=384"}],"version-history":[{"count":7,"href":"https:\/\/www.clauwan.com.br\/blog\/wp-json\/wp\/v2\/posts\/384\/revisions"}],"predecessor-version":[{"id":400,"href":"https:\/\/www.clauwan.com.br\/blog\/wp-json\/wp\/v2\/posts\/384\/revisions\/400"}],"wp:featuredmedia":[{"embeddable":true,"href":"https:\/\/www.clauwan.com.br\/blog\/wp-json\/wp\/v2\/media\/498"}],"wp:attachment":[{"href":"https:\/\/www.clauwan.com.br\/blog\/wp-json\/wp\/v2\/media?parent=384"}],"wp:term":[{"taxonomy":"category","embeddable":true,"href":"https:\/\/www.clauwan.com.br\/blog\/wp-json\/wp\/v2\/categories?post=384"},{"taxonomy":"post_tag","embeddable":true,"href":"https:\/\/www.clauwan.com.br\/blog\/wp-json\/wp\/v2\/tags?post=384"}],"curies":[{"name":"wp","href":"https:\/\/api.w.org\/{rel}","templated":true}]}}