{"id":21890,"date":"2026-09-02T15:55:48","date_gmt":"2026-09-02T18:55:48","guid":{"rendered":"https:\/\/www.clauwan.com.br\/blog\/?p=21890"},"modified":"2026-09-02T15:55:48","modified_gmt":"2026-09-02T18:55:48","slug":"aluguel-de-maquina-de-pelucias-no-aterro-do-flamengo-rj","status":"publish","type":"post","link":"https:\/\/www.clauwan.com.br\/blog\/aluguel-de-maquina-de-pelucias-no-aterro-do-flamengo-rj\/","title":{"rendered":"Aluguel de M\u00e1quina de Pel\u00facias no Aterro do Flamengo RJ"},"content":{"rendered":"\n<h2>Atra\u00e7\u00f5es de Alto Impacto para o Evento<\/h2>\n\n\n\n<p>O aluguel de <strong><a href=\"https:\/\/materiais.clauwan.com.br\/aluguel-maquina-de-pelucia\">M\u00e1quina de Pel\u00facias<\/a><\/strong> no Aterro do Flamengo do <strong>Grupo Clauwan<\/strong> faz muito sucesso. <strong>Portanto<\/strong>, ela mistura divers\u00e3o, nostalgia e um visual incr\u00edvel. Em um local t\u00e3o vibrante, o p\u00fablico ama experi\u00eancias novas. <strong>Assim<\/strong>, a cabine iluminada atrai muitas pessoas e cria um clima de jogo muito divertido.<\/p>\n\n\n\n<figure class=\"wp-block-image size-full is-resized\"><img loading=\"lazy\" src=\"http:\/\/www.clauwan.com.br\/blog\/wp-content\/uploads\/2026\/04\/GRUA-FOTO-2.jpg\" alt=\"\" class=\"wp-image-9753\" width=\"840\" height=\"637\" srcset=\"https:\/\/www.clauwan.com.br\/blog\/wp-content\/uploads\/2026\/04\/GRUA-FOTO-2.jpg 760w, https:\/\/www.clauwan.com.br\/blog\/wp-content\/uploads\/2026\/04\/GRUA-FOTO-2-300x227.jpg 300w, https:\/\/www.clauwan.com.br\/blog\/wp-content\/uploads\/2026\/04\/GRUA-FOTO-2-750x568.jpg 750w\" sizes=\"(max-width: 840px) 100vw, 840px\" \/><\/figure>\n\n\n\n<h2>Muita Intera\u00e7\u00e3o e Alegria<\/h2>\n\n\n\n<p><strong>Nos eventos no Aterro do Flamengo RJ<\/strong>, esse equipamento movimenta o espa\u00e7o. <strong>Por exemplo<\/strong>, ela gera torcida, gritos de alegria e muita comemora\u00e7\u00e3o. <strong>Dessa forma<\/strong>, a energia contagiante atrai mais pessoas para perto. <strong>Logo<\/strong>, os convidados ficam mais tempo no local e curtem muito mais a festa.<\/p>\n\n\n\n<h2>Visual Personalizado para a Sua Marca<\/h2>\n\n\n\n<p>A personaliza\u00e7\u00e3o muda tudo no visual do equipamento. <strong>Ou seja<\/strong>, n\u00f3s podemos colocar as cores, o logotipo e o tema da sua empresa na m\u00e1quina. <strong>Com isso<\/strong>, a atra\u00e7\u00e3o vira uma extens\u00e3o direta da sua marca. <strong>Em suma<\/strong>, isso cria um momento \u00fanico e muito mais imersivo para os visitantes.<\/p>\n\n\n\n<h2>Mais Sucesso nas Redes Sociais<\/h2>\n\n\n\n<p>A divers\u00e3o atrai cliques e muitos v\u00eddeos. <strong>Al\u00e9m disso<\/strong>, as pessoas adoram tirar fotos com os pr\u00eamios que ganham. <strong>Portanto<\/strong>, esses registros espont\u00e2neos v\u00e3o direto para as redes sociais. <strong>Dessa maneira<\/strong>, a sua marca ganha muito mais alcance e visibilidade na internet.<\/p>\n\n\n\n<h2>Opera\u00e7\u00e3o T\u00e9cnica com Seguran\u00e7a Total<\/h2>\n\n\n\n<p>O <strong>Grupo Clauwan<\/strong> cuida de toda a parte t\u00e9cnica para voc\u00ea. <strong>Por isso<\/strong>, garantimos que o equipamento funcione sem parar, mesmo com filas grandes. <strong>Em suma<\/strong>, nossa m\u00e1quina une divers\u00e3o e tranquilidade para o sucesso total do seu evento!<\/p>\n\n\n<h3>Siga a Clauwan<\/h3>\n<p><!-- \/wp:heading --><\/p>\n<p><!-- wp:paragraph --><\/p>\n<p>Al\u00e9m disso, \u00e9 s\u00f3 clicar e seguir nosso <strong><a href=\"https:\/\/www.facebook.com\/clauwan\" target=\"_blank\" rel=\"noreferrer noopener\">Facebook&nbsp;<\/a><\/strong>e&nbsp;<strong><a href=\"https:\/\/www.instagram.com\/grupoclauwan\/\" target=\"_blank\" rel=\"noreferrer noopener\">Instagram.<\/a><\/strong><\/p>\n<div class=\"gdlr-core-pbf-element\">\n<div class=\"gdlr-core-column-service-item gdlr-core-item-pdb gdlr-core-left-align gdlr-core-column-service-icon-left-title gdlr-core-no-caption gdlr-core-item-pdlr\">\n<div class=\"gdlr-core-column-service-content-wrapper\">\n<div class=\"gdlr-core-column-service-title-wrap\"><strong>DESDE 1987 \u2013 GRUPO CLAUWAN&nbsp;<\/strong><\/div>\n<\/div>\n<\/div>\n<\/div>\n<div class=\"gdlr-core-pbf-element\">\n<div class=\"gdlr-core-gallery-item gdlr-core-item-pdb clearfix gdlr-core-gallery-item-style-grid\">\n<div class=\"gdlr-core-gallery-item-holder gdlr-core-js-2 clearfix\" data-layout=\"fitrows\">\n<div class=\"gdlr-core-item-list gdlr-core-gallery-column gdlr-core-column-10 gdlr-core-item-pdlr gdlr-core-item-mgb\">\n<div>\n<p>No entanto, o <strong><a href=\"https:\/\/www.clauwan.com.br\/blog\/\">Grupo Clauwan<\/a><\/strong> atende o mercado de aluguel de m\u00e1quinas para eventos.<\/p>\n<div class=\"more\">\n<h2>Saiba Mais!<\/h2>\n<p>Entre em contato conosco via <strong><a href=\"https:\/\/wa.me\/5521977192368\">WhatsApp<\/a><\/strong>:&nbsp;<\/p>\n<div dir=\"auto\"><span class=\"pq6dq46d tbxw36s4 knj5qynh kvgmc6g5 ditlmg2l oygrvhab nvdbi5me sf5mxxl7 gl3lb2sf hhz5lgdu\"><img loading=\"lazy\" class=\"alignnone\" title=\"Lava lou\u00e7a industrial loca\u00e7\u00e3o\" src=\"https:\/\/static.xx.fbcdn.net\/images\/emoji.php\/v9\/t31\/1.5\/16\/1f4f2.png\" alt=\"Lava lou\u00e7a industrial loca\u00e7\u00e3o\" width=\"16\" height=\"16\"><\/span> (21) 97719-2368<\/div>\n<div dir=\"auto\"><span class=\"pq6dq46d tbxw36s4 knj5qynh kvgmc6g5 ditlmg2l oygrvhab nvdbi5me sf5mxxl7 gl3lb2sf hhz5lgdu\"><img loading=\"lazy\" class=\"alignnone\" title=\"Lava lou\u00e7a industrial loca\u00e7\u00e3o\" src=\"https:\/\/static.xx.fbcdn.net\/images\/emoji.php\/v9\/ta6\/1.5\/16\/1f4de.png\" alt=\"Lava lou\u00e7a industrial loca\u00e7\u00e3o\" width=\"16\" height=\"16\"> <\/span>(21) 2577-3348<\/div>\n<div dir=\"auto\"><span class=\"pq6dq46d tbxw36s4 knj5qynh kvgmc6g5 ditlmg2l oygrvhab nvdbi5me sf5mxxl7 gl3lb2sf hhz5lgdu\"><img loading=\"lazy\" src=\"https:\/\/static.xx.fbcdn.net\/images\/emoji.php\/v9\/t17\/1.5\/16\/1f4e7.png\" alt=\"\ud83d\udce7\" width=\"16\" height=\"16\"><\/span>&nbsp;comercial@clauwan.com.br<\/div>\n<div dir=\"auto\"><span class=\"pq6dq46d tbxw36s4 knj5qynh kvgmc6g5 ditlmg2l oygrvhab nvdbi5me sf5mxxl7 gl3lb2sf hhz5lgdu\"><img loading=\"lazy\" src=\"https:\/\/static.xx.fbcdn.net\/images\/emoji.php\/v9\/t86\/1.5\/16\/1f4cd.png\" alt=\"\ud83d\udccd\" width=\"16\" height=\"16\"><\/span> Rua Visconde de Abaete, N.\u00ba 05 \u2013 Vila Isabel<\/div>\n<\/div>\n<\/div>\n<\/div>\n<\/div>\n<\/div>\n<\/div>\n<p><!-- wp:paragraph --><\/p>\n<p><\/p>\n<p><!-- \/wp:paragraph --><\/p>","protected":false},"excerpt":{"rendered":"<p>Atra\u00e7\u00f5es de Alto Impacto para o Evento O aluguel de M\u00e1quina de Pel\u00facias no Aterro do Flamengo do Grupo Clauwan faz muito sucesso. Portanto, ela mistura divers\u00e3o, nostalgia e um [&hellip;]<\/p>\n","protected":false},"author":1,"featured_media":9477,"comment_status":"open","ping_status":"open","sticky":false,"template":"","format":"standard","meta":[],"categories":[140],"tags":[2368,151,2365,2259,40],"_links":{"self":[{"href":"https:\/\/www.clauwan.com.br\/blog\/wp-json\/wp\/v2\/posts\/21890"}],"collection":[{"href":"https:\/\/www.clauwan.com.br\/blog\/wp-json\/wp\/v2\/posts"}],"about":[{"href":"https:\/\/www.clauwan.com.br\/blog\/wp-json\/wp\/v2\/types\/post"}],"author":[{"embeddable":true,"href":"https:\/\/www.clauwan.com.br\/blog\/wp-json\/wp\/v2\/users\/1"}],"replies":[{"embeddable":true,"href":"https:\/\/www.clauwan.com.br\/blog\/wp-json\/wp\/v2\/comments?post=21890"}],"version-history":[{"count":3,"href":"https:\/\/www.clauwan.com.br\/blog\/wp-json\/wp\/v2\/posts\/21890\/revisions"}],"predecessor-version":[{"id":21991,"href":"https:\/\/www.clauwan.com.br\/blog\/wp-json\/wp\/v2\/posts\/21890\/revisions\/21991"}],"wp:featuredmedia":[{"embeddable":true,"href":"https:\/\/www.clauwan.com.br\/blog\/wp-json\/wp\/v2\/media\/9477"}],"wp:attachment":[{"href":"https:\/\/www.clauwan.com.br\/blog\/wp-json\/wp\/v2\/media?parent=21890"}],"wp:term":[{"taxonomy":"category","embeddable":true,"href":"https:\/\/www.clauwan.com.br\/blog\/wp-json\/wp\/v2\/categories?post=21890"},{"taxonomy":"post_tag","embeddable":true,"href":"https:\/\/www.clauwan.com.br\/blog\/wp-json\/wp\/v2\/tags?post=21890"}],"curies":[{"name":"wp","href":"https:\/\/api.w.org\/{rel}","templated":true}]}}