{"id":21660,"date":"2026-09-02T15:43:33","date_gmt":"2026-09-02T18:43:33","guid":{"rendered":"https:\/\/www.clauwan.com.br\/blog\/?p=21660"},"modified":"2026-09-02T15:43:35","modified_gmt":"2026-09-02T18:43:35","slug":"aluguel-de-maquina-de-bichinhos-no-aterro-do-flamengo-rj-3","status":"publish","type":"post","link":"https:\/\/www.clauwan.com.br\/blog\/aluguel-de-maquina-de-bichinhos-no-aterro-do-flamengo-rj-3\/","title":{"rendered":"Aluguel de M\u00e1quina de Bichinhos no Aterro do Flamengo &#8211; RJ"},"content":{"rendered":"\n<h2>Atraia p\u00fablico e destaque sua marca com divers\u00e3o garantida.<\/h2>\n\n\n\n<p>O aluguel de <strong><a href=\"https:\/\/materiais.clauwan.com.br\/aluguel-maquina-de-pelucia\">m\u00e1quina de bichinhos<\/a> <\/strong>no Aterro do Flamengo \u00e9 ideal para garantir o sucesso de feiras, festas ou eventos corporativos.<\/p>\n\n\n\n<figure class=\"wp-block-image size-full is-resized\"><img loading=\"lazy\" src=\"http:\/\/www.clauwan.com.br\/blog\/wp-content\/uploads\/2024\/03\/GRUA-FOTO-5.jpg\" alt=\"\" class=\"wp-image-19396\" width=\"838\" height=\"635\" srcset=\"https:\/\/www.clauwan.com.br\/blog\/wp-content\/uploads\/2024\/03\/GRUA-FOTO-5.jpg 760w, https:\/\/www.clauwan.com.br\/blog\/wp-content\/uploads\/2024\/03\/GRUA-FOTO-5-300x227.jpg 300w, https:\/\/www.clauwan.com.br\/blog\/wp-content\/uploads\/2024\/03\/GRUA-FOTO-5-750x568.jpg 750w\" sizes=\"(max-width: 838px) 100vw, 838px\" \/><\/figure>\n\n\n\n<h2>Engajamento e Visibilidade Digital<\/h2>\n\n\n\n<p>Al\u00e9m de divertir o p\u00fablico, a nossa atra\u00e7\u00e3o gera forte impacto nas redes sociais. Por exemplo, as pessoas adoram gravar v\u00eddeos quando conseguem resgatar um pel\u00facia.<\/p>\n\n\n\n<p>Logo, elas fazem postagens espont\u00e2neas na internet. Assim, no Aterro do Flamengo &#8211; RJ, essa divulga\u00e7\u00e3o org\u00e2nica funciona como uma excelente ferramenta de marketing para a sua marca.<\/p>\n\n\n\n<h2>Solu\u00e7\u00e3o Interativa e Completa<\/h2>\n\n\n\n<p>Portanto, o <strong>Grupo Clauwan<\/strong> oferece uma op\u00e7\u00e3o de entretenimento muito completa. Afinal, o equipamento re\u00fane:<\/p>\n\n\n\n<ul><li><strong>Est\u00e9tica moderna:<\/strong> Cores e luzes que atraem crian\u00e7as e adultos.<\/li><li><strong>Divers\u00e3o garantida:<\/strong> Momentos alegres que criam conex\u00f5es reais com o p\u00fablico.<\/li><li><strong>Forte presen\u00e7a digital:<\/strong> Muito destaque para a sua empresa nas redes sociais.<\/li><li><strong>Suporte profissional:<\/strong> Tranquilidade total durante todo o funcionamento do evento.<\/li><\/ul>\n\n\n\n<h2>Por que Escolher o Grupo Clauwan?<\/h2>\n\n\n\n<p>Em suma, seja em shoppings, feiras ou festas, a nossa atra\u00e7\u00e3o eleva o n\u00edvel da sua comemora\u00e7\u00e3o. Com efeito, ela cria lembran\u00e7as marcantes que aproximam o p\u00fablico da sua empresa.<\/p>\n\n\n\n<p>Por fim, entre em contato hoje mesmo e descubra como o <strong>aluguel de m\u00e1quina de bichinhos no Aterro do Flamengo &#8211; RJ<\/strong> pode transformar o seu pr\u00f3ximo projeto!<\/p>\n\n\n<h3>Siga a Clauwan<\/h3>\n<p><!-- \/wp:heading --><\/p>\n<p><!-- wp:paragraph --><\/p>\n<p>Al\u00e9m disso, \u00e9 s\u00f3 clicar e seguir nosso <strong><a href=\"https:\/\/www.facebook.com\/clauwan\" target=\"_blank\" rel=\"noreferrer noopener\">Facebook&nbsp;<\/a><\/strong>e&nbsp;<strong><a href=\"https:\/\/www.instagram.com\/grupoclauwan\/\" target=\"_blank\" rel=\"noreferrer noopener\">Instagram.<\/a><\/strong><\/p>\n<div class=\"gdlr-core-pbf-element\">\n<div class=\"gdlr-core-column-service-item gdlr-core-item-pdb gdlr-core-left-align gdlr-core-column-service-icon-left-title gdlr-core-no-caption gdlr-core-item-pdlr\">\n<div class=\"gdlr-core-column-service-content-wrapper\">\n<div class=\"gdlr-core-column-service-title-wrap\"><strong>DESDE 1987 \u2013 GRUPO CLAUWAN&nbsp;<\/strong><\/div>\n<\/div>\n<\/div>\n<\/div>\n<div class=\"gdlr-core-pbf-element\">\n<div class=\"gdlr-core-gallery-item gdlr-core-item-pdb clearfix gdlr-core-gallery-item-style-grid\">\n<div class=\"gdlr-core-gallery-item-holder gdlr-core-js-2 clearfix\" data-layout=\"fitrows\">\n<div class=\"gdlr-core-item-list gdlr-core-gallery-column gdlr-core-column-10 gdlr-core-item-pdlr gdlr-core-item-mgb\">\n<div>\n<p>No entanto, o <strong><a href=\"https:\/\/www.clauwan.com.br\/blog\/\">Grupo Clauwan<\/a><\/strong> atende o mercado de aluguel de m\u00e1quinas para eventos.<\/p>\n<div class=\"more\">\n<h2>Saiba Mais!<\/h2>\n<p>Entre em contato conosco via <strong><a href=\"https:\/\/wa.me\/5521977192368\">WhatsApp<\/a><\/strong>:&nbsp;<\/p>\n<div dir=\"auto\"><span class=\"pq6dq46d tbxw36s4 knj5qynh kvgmc6g5 ditlmg2l oygrvhab nvdbi5me sf5mxxl7 gl3lb2sf hhz5lgdu\"><img loading=\"lazy\" class=\"alignnone\" title=\"Lava lou\u00e7a industrial loca\u00e7\u00e3o\" src=\"https:\/\/static.xx.fbcdn.net\/images\/emoji.php\/v9\/t31\/1.5\/16\/1f4f2.png\" alt=\"Lava lou\u00e7a industrial loca\u00e7\u00e3o\" width=\"16\" height=\"16\"><\/span> (21) 97719-2368<\/div>\n<div dir=\"auto\"><span class=\"pq6dq46d tbxw36s4 knj5qynh kvgmc6g5 ditlmg2l oygrvhab nvdbi5me sf5mxxl7 gl3lb2sf hhz5lgdu\"><img loading=\"lazy\" class=\"alignnone\" title=\"Lava lou\u00e7a industrial loca\u00e7\u00e3o\" src=\"https:\/\/static.xx.fbcdn.net\/images\/emoji.php\/v9\/ta6\/1.5\/16\/1f4de.png\" alt=\"Lava lou\u00e7a industrial loca\u00e7\u00e3o\" width=\"16\" height=\"16\"> <\/span>(21) 2577-3348<\/div>\n<div dir=\"auto\"><span class=\"pq6dq46d tbxw36s4 knj5qynh kvgmc6g5 ditlmg2l oygrvhab nvdbi5me sf5mxxl7 gl3lb2sf hhz5lgdu\"><img loading=\"lazy\" src=\"https:\/\/static.xx.fbcdn.net\/images\/emoji.php\/v9\/t17\/1.5\/16\/1f4e7.png\" alt=\"\ud83d\udce7\" width=\"16\" height=\"16\"><\/span>&nbsp;comercial@clauwan.com.br<\/div>\n<div dir=\"auto\"><span class=\"pq6dq46d tbxw36s4 knj5qynh kvgmc6g5 ditlmg2l oygrvhab nvdbi5me sf5mxxl7 gl3lb2sf hhz5lgdu\"><img loading=\"lazy\" src=\"https:\/\/static.xx.fbcdn.net\/images\/emoji.php\/v9\/t86\/1.5\/16\/1f4cd.png\" alt=\"\ud83d\udccd\" width=\"16\" height=\"16\"><\/span> Rua Visconde de Abaete, N.\u00ba 05 \u2013 Vila Isabel<\/div>\n<\/div>\n<\/div>\n<\/div>\n<\/div>\n<\/div>\n<\/div>\n<p><!-- wp:paragraph --><\/p>\n<p>.<\/p>\n<p><!-- \/wp:paragraph --><\/p>","protected":false},"excerpt":{"rendered":"<p>Atraia p\u00fablico e destaque sua marca com divers\u00e3o garantida. O aluguel de m\u00e1quina de bichinhos no Aterro do Flamengo \u00e9 ideal para garantir o sucesso de feiras, festas ou eventos [&hellip;]<\/p>\n","protected":false},"author":1,"featured_media":9477,"comment_status":"open","ping_status":"open","sticky":false,"template":"","format":"standard","meta":[],"categories":[140],"tags":[2315,2162,549,1765],"_links":{"self":[{"href":"https:\/\/www.clauwan.com.br\/blog\/wp-json\/wp\/v2\/posts\/21660"}],"collection":[{"href":"https:\/\/www.clauwan.com.br\/blog\/wp-json\/wp\/v2\/posts"}],"about":[{"href":"https:\/\/www.clauwan.com.br\/blog\/wp-json\/wp\/v2\/types\/post"}],"author":[{"embeddable":true,"href":"https:\/\/www.clauwan.com.br\/blog\/wp-json\/wp\/v2\/users\/1"}],"replies":[{"embeddable":true,"href":"https:\/\/www.clauwan.com.br\/blog\/wp-json\/wp\/v2\/comments?post=21660"}],"version-history":[{"count":3,"href":"https:\/\/www.clauwan.com.br\/blog\/wp-json\/wp\/v2\/posts\/21660\/revisions"}],"predecessor-version":[{"id":21978,"href":"https:\/\/www.clauwan.com.br\/blog\/wp-json\/wp\/v2\/posts\/21660\/revisions\/21978"}],"wp:featuredmedia":[{"embeddable":true,"href":"https:\/\/www.clauwan.com.br\/blog\/wp-json\/wp\/v2\/media\/9477"}],"wp:attachment":[{"href":"https:\/\/www.clauwan.com.br\/blog\/wp-json\/wp\/v2\/media?parent=21660"}],"wp:term":[{"taxonomy":"category","embeddable":true,"href":"https:\/\/www.clauwan.com.br\/blog\/wp-json\/wp\/v2\/categories?post=21660"},{"taxonomy":"post_tag","embeddable":true,"href":"https:\/\/www.clauwan.com.br\/blog\/wp-json\/wp\/v2\/tags?post=21660"}],"curies":[{"name":"wp","href":"https:\/\/api.w.org\/{rel}","templated":true}]}}