{"id":21658,"date":"2026-09-02T15:43:44","date_gmt":"2026-09-02T18:43:44","guid":{"rendered":"https:\/\/www.clauwan.com.br\/blog\/?p=21658"},"modified":"2026-09-02T15:43:47","modified_gmt":"2026-09-02T18:43:47","slug":"locacao-de-cabine-de-vento-no-aterro-do-flamengo-rj-2","status":"publish","type":"post","link":"https:\/\/www.clauwan.com.br\/blog\/locacao-de-cabine-de-vento-no-aterro-do-flamengo-rj-2\/","title":{"rendered":"Loca\u00e7\u00e3o de Cabine de Vento no Aterro do Flamengo &#8211; RJ"},"content":{"rendered":"\n<h2>Atraia p\u00fablico e destaque sua marca com divers\u00e3o garantida.<\/h2>\n\n\n\n<p>A <strong><a href=\"https:\/\/materiais.clauwan.com.br\/aluguel-cabine-de-vento-eventos-rj\">cabine de vento<\/a><\/strong> do <strong>Grupo Clauwan<\/strong> \u00e9 perfeita para quem busca a loca\u00e7\u00e3o no <strong>Aterro do Flamengo &#8211; RJ<\/strong> e deseja transformar feiras, festas ou eventos corporativos em um grande sucesso.<\/p>\n\n\n\n<figure class=\"wp-block-image size-full\"><img loading=\"lazy\" width=\"773\" height=\"773\" src=\"http:\/\/www.clauwan.com.br\/blog\/wp-content\/uploads\/2026\/06\/CABINES-DE-VENTO-17.jpg\" alt=\"\" class=\"wp-image-13199\" srcset=\"https:\/\/www.clauwan.com.br\/blog\/wp-content\/uploads\/2026\/06\/CABINES-DE-VENTO-17.jpg 773w, https:\/\/www.clauwan.com.br\/blog\/wp-content\/uploads\/2026\/06\/CABINES-DE-VENTO-17-300x300.jpg 300w, https:\/\/www.clauwan.com.br\/blog\/wp-content\/uploads\/2026\/06\/CABINES-DE-VENTO-17-150x150.jpg 150w, https:\/\/www.clauwan.com.br\/blog\/wp-content\/uploads\/2026\/06\/CABINES-DE-VENTO-17-768x768.jpg 768w, https:\/\/www.clauwan.com.br\/blog\/wp-content\/uploads\/2026\/06\/CABINES-DE-VENTO-17-750x750.jpg 750w\" sizes=\"(max-width: 773px) 100vw, 773px\" \/><\/figure>\n\n\n\n<h2>Uma Atra\u00e7\u00e3o Din\u00e2mica e Envolvente<\/h2>\n\n\n\n<p>Antes de mais nada, a atra\u00e7\u00e3o traz uma mistura \u00fanica de adrenalina e movimento. Por exemplo, o participante entra no equipamento e sente um fluxo de ar intenso.<\/p>\n\n\n\n<p>Assim, os brindes flutuam de forma imprevis\u00edvel. Com efeito, essa din\u00e2mica cria um desafio muito divertido.<\/p>\n\n\n\n<h2>Visibilidade e Engajamento para sua Marca<\/h2>\n\n\n\n<p>Al\u00e9m de divertir, a equipe oferece personaliza\u00e7\u00e3o completa da estrutura. Logo, voc\u00ea pode estampar a identidade visual da sua empresa nas cores e na ilumina\u00e7\u00e3o.<\/p>\n\n\n\n<p>Como resultado, a cabine funciona como uma vitrine viva. Em suma, ela atrai olhares e gera um fluxo constante de pessoas.<\/p>\n\n\n\n<h2>Por que Escolher o Grupo Clauwan?<\/h2>\n\n\n\n<p>Por fim, o servi\u00e7o garante instala\u00e7\u00e3o segura e suporte profissional completo.<\/p>\n\n\n\n<p>Portanto, entre em contato hoje mesmo e descubra como essa <strong>loca\u00e7\u00e3o de cabine de vento<\/strong> pode transformar o seu evento!<\/p>\n\n\n<h3>Siga a Clauwan<\/h3>\n<p><!-- \/wp:heading --><\/p>\n<p><!-- wp:paragraph --><\/p>\n<p>Al\u00e9m disso, \u00e9 s\u00f3 clicar e seguir nosso <strong><a href=\"https:\/\/www.facebook.com\/clauwan\" target=\"_blank\" rel=\"noreferrer noopener\">Facebook&nbsp;<\/a><\/strong>e&nbsp;<strong><a href=\"https:\/\/www.instagram.com\/grupoclauwan\/\" target=\"_blank\" rel=\"noreferrer noopener\">Instagram.<\/a><\/strong><\/p>\n<div class=\"gdlr-core-pbf-element\">\n<div class=\"gdlr-core-column-service-item gdlr-core-item-pdb gdlr-core-left-align gdlr-core-column-service-icon-left-title gdlr-core-no-caption gdlr-core-item-pdlr\">\n<div class=\"gdlr-core-column-service-content-wrapper\">\n<div class=\"gdlr-core-column-service-title-wrap\"><strong>DESDE 1987 \u2013 GRUPO CLAUWAN&nbsp;<\/strong><\/div>\n<\/div>\n<\/div>\n<\/div>\n<div class=\"gdlr-core-pbf-element\">\n<div class=\"gdlr-core-gallery-item gdlr-core-item-pdb clearfix gdlr-core-gallery-item-style-grid\">\n<div class=\"gdlr-core-gallery-item-holder gdlr-core-js-2 clearfix\" data-layout=\"fitrows\">\n<div class=\"gdlr-core-item-list gdlr-core-gallery-column gdlr-core-column-10 gdlr-core-item-pdlr gdlr-core-item-mgb\">\n<div>\n<p>No entanto, o <strong><a href=\"https:\/\/www.clauwan.com.br\/blog\/\">Grupo Clauwan<\/a><\/strong> atende o mercado de aluguel de m\u00e1quinas para eventos.<\/p>\n<div class=\"more\">\n<h2>Saiba Mais!<\/h2>\n<p>Entre em contato conosco via <strong><a href=\"https:\/\/wa.me\/5521977192368\">WhatsApp<\/a><\/strong>:&nbsp;<\/p>\n<div dir=\"auto\"><span class=\"pq6dq46d tbxw36s4 knj5qynh kvgmc6g5 ditlmg2l oygrvhab nvdbi5me sf5mxxl7 gl3lb2sf hhz5lgdu\"><img loading=\"lazy\" class=\"alignnone\" title=\"Lava lou\u00e7a industrial loca\u00e7\u00e3o\" src=\"https:\/\/static.xx.fbcdn.net\/images\/emoji.php\/v9\/t31\/1.5\/16\/1f4f2.png\" alt=\"Lava lou\u00e7a industrial loca\u00e7\u00e3o\" width=\"16\" height=\"16\"><\/span> (21) 97719-2368<\/div>\n<div dir=\"auto\"><span class=\"pq6dq46d tbxw36s4 knj5qynh kvgmc6g5 ditlmg2l oygrvhab nvdbi5me sf5mxxl7 gl3lb2sf hhz5lgdu\"><img loading=\"lazy\" class=\"alignnone\" title=\"Lava lou\u00e7a industrial loca\u00e7\u00e3o\" src=\"https:\/\/static.xx.fbcdn.net\/images\/emoji.php\/v9\/ta6\/1.5\/16\/1f4de.png\" alt=\"Lava lou\u00e7a industrial loca\u00e7\u00e3o\" width=\"16\" height=\"16\"> <\/span>(21) 2577-3348<\/div>\n<div dir=\"auto\"><span class=\"pq6dq46d tbxw36s4 knj5qynh kvgmc6g5 ditlmg2l oygrvhab nvdbi5me sf5mxxl7 gl3lb2sf hhz5lgdu\"><img loading=\"lazy\" src=\"https:\/\/static.xx.fbcdn.net\/images\/emoji.php\/v9\/t17\/1.5\/16\/1f4e7.png\" alt=\"\ud83d\udce7\" width=\"16\" height=\"16\"><\/span>&nbsp;comercial@clauwan.com.br<\/div>\n<div dir=\"auto\"><span class=\"pq6dq46d tbxw36s4 knj5qynh kvgmc6g5 ditlmg2l oygrvhab nvdbi5me sf5mxxl7 gl3lb2sf hhz5lgdu\"><img loading=\"lazy\" src=\"https:\/\/static.xx.fbcdn.net\/images\/emoji.php\/v9\/t86\/1.5\/16\/1f4cd.png\" alt=\"\ud83d\udccd\" width=\"16\" height=\"16\"><\/span> Rua Visconde de Abaete, N.\u00ba 05 \u2013 Vila Isabel<\/div>\n<\/div>\n<\/div>\n<\/div>\n<\/div>\n<\/div>\n<\/div>","protected":false},"excerpt":{"rendered":"<p>Atraia p\u00fablico e destaque sua marca com divers\u00e3o garantida. A cabine de vento do Grupo Clauwan \u00e9 perfeita para quem busca a loca\u00e7\u00e3o no Aterro do Flamengo &#8211; RJ e [&hellip;]<\/p>\n","protected":false},"author":1,"featured_media":9474,"comment_status":"open","ping_status":"open","sticky":false,"template":"","format":"standard","meta":[],"categories":[140],"tags":[2162,2107,2337,2336],"_links":{"self":[{"href":"https:\/\/www.clauwan.com.br\/blog\/wp-json\/wp\/v2\/posts\/21658"}],"collection":[{"href":"https:\/\/www.clauwan.com.br\/blog\/wp-json\/wp\/v2\/posts"}],"about":[{"href":"https:\/\/www.clauwan.com.br\/blog\/wp-json\/wp\/v2\/types\/post"}],"author":[{"embeddable":true,"href":"https:\/\/www.clauwan.com.br\/blog\/wp-json\/wp\/v2\/users\/1"}],"replies":[{"embeddable":true,"href":"https:\/\/www.clauwan.com.br\/blog\/wp-json\/wp\/v2\/comments?post=21658"}],"version-history":[{"count":3,"href":"https:\/\/www.clauwan.com.br\/blog\/wp-json\/wp\/v2\/posts\/21658\/revisions"}],"predecessor-version":[{"id":21979,"href":"https:\/\/www.clauwan.com.br\/blog\/wp-json\/wp\/v2\/posts\/21658\/revisions\/21979"}],"wp:featuredmedia":[{"embeddable":true,"href":"https:\/\/www.clauwan.com.br\/blog\/wp-json\/wp\/v2\/media\/9474"}],"wp:attachment":[{"href":"https:\/\/www.clauwan.com.br\/blog\/wp-json\/wp\/v2\/media?parent=21658"}],"wp:term":[{"taxonomy":"category","embeddable":true,"href":"https:\/\/www.clauwan.com.br\/blog\/wp-json\/wp\/v2\/categories?post=21658"},{"taxonomy":"post_tag","embeddable":true,"href":"https:\/\/www.clauwan.com.br\/blog\/wp-json\/wp\/v2\/tags?post=21658"}],"curies":[{"name":"wp","href":"https:\/\/api.w.org\/{rel}","templated":true}]}}