{"id":21651,"date":"2026-09-02T15:44:22","date_gmt":"2026-09-02T18:44:22","guid":{"rendered":"https:\/\/www.clauwan.com.br\/blog\/?p=21651"},"modified":"2026-09-02T15:44:22","modified_gmt":"2026-09-02T18:44:22","slug":"aluguel-de-cabine-de-premios-no-museu-de-arte-do-rio-2","status":"publish","type":"post","link":"https:\/\/www.clauwan.com.br\/blog\/aluguel-de-cabine-de-premios-no-museu-de-arte-do-rio-2\/","title":{"rendered":"Aluguel de Cabine de Pr\u00eamios no Museu de Arte do Rio"},"content":{"rendered":"\n<h2>Uma atra\u00e7\u00e3o que chama aten\u00e7\u00e3o<\/h2>\n\n\n\n<p>A <strong><a href=\"https:\/\/materiais.clauwan.com.br\/maquina-de-grua-para-marketing\">Cabine de Pr\u00eamios<\/a> <\/strong>do<strong> Grupo Clauwan<\/strong> \u00e9 uma \u00f3tima op\u00e7\u00e3o para deixar seu evento no <strong>Museu de Arte do Rio<\/strong> mais divertido. A cabine cria uma experi\u00eancia r\u00e1pida e interativa. Al\u00e9m disso, chama a aten\u00e7\u00e3o de quem passa pelo local.<\/p>\n\n\n\n<p>A atra\u00e7\u00e3o combina divers\u00e3o, intera\u00e7\u00e3o e pr\u00eamios. Por isso, pode despertar a curiosidade do p\u00fablico e incentivar a participa\u00e7\u00e3o. Dessa forma, o evento ganha um momento especial e ainda mais movimento.<\/p>\n\n\n\n<figure class=\"wp-block-image size-full\"><img loading=\"lazy\" width=\"773\" height=\"773\" src=\"http:\/\/www.clauwan.com.br\/blog\/wp-content\/uploads\/2026\/05\/GRUA-12.jpg\" alt=\"\" class=\"wp-image-12879\" srcset=\"https:\/\/www.clauwan.com.br\/blog\/wp-content\/uploads\/2026\/05\/GRUA-12.jpg 773w, https:\/\/www.clauwan.com.br\/blog\/wp-content\/uploads\/2026\/05\/GRUA-12-300x300.jpg 300w, https:\/\/www.clauwan.com.br\/blog\/wp-content\/uploads\/2026\/05\/GRUA-12-150x150.jpg 150w, https:\/\/www.clauwan.com.br\/blog\/wp-content\/uploads\/2026\/05\/GRUA-12-768x768.jpg 768w, https:\/\/www.clauwan.com.br\/blog\/wp-content\/uploads\/2026\/05\/GRUA-12-750x750.jpg 750w\" sizes=\"(max-width: 773px) 100vw, 773px\" \/><\/figure>\n\n\n\n<h2>Como funciona a Cabine de Pr\u00eamios<\/h2>\n\n\n\n<p>A din\u00e2mica \u00e9 simples e f\u00e1cil de entender. O participante entra na cabine e come\u00e7a o desafio. Depois, segue a proposta definida para a brincadeira.<\/p>\n\n\n\n<p>Enquanto isso, quem est\u00e1 do lado de fora acompanha tudo. As pessoas podem torcer, interagir e esperar pela pr\u00f3xima vez. Assim, a cabine consegue envolver n\u00e3o apenas quem participa, mas tamb\u00e9m quem est\u00e1 ao redor.<\/p>\n\n\n\n<p>Al\u00e9m disso, a experi\u00eancia pode ser adaptada para diferentes a\u00e7\u00f5es. Cada evento pode ter uma din\u00e2mica pr\u00f3pria, de acordo com seu p\u00fablico e objetivo.<\/p>\n\n\n\n<h2>Pr\u00eamios que deixam a brincadeira ainda melhor<\/h2>\n\n\n\n<p>Os pr\u00eamios s\u00e3o um dos grandes atrativos da cabine. Eles podem fazer parte da proposta do evento e aumentar o interesse pela brincadeira.<\/p>\n\n\n\n<p>Al\u00e9m disso, a possibilidade de ganhar um pr\u00eamio cria expectativa. O participante entra na cabine sabendo que pode sair com uma lembran\u00e7a especial.<\/p>\n\n\n\n<p>Por isso, a atra\u00e7\u00e3o funciona muito bem em campanhas promocionais. A empresa consegue unir divers\u00e3o e recompensa em uma \u00fanica experi\u00eancia.<\/p>\n\n\n\n<h2>Uma experi\u00eancia para o p\u00fablico<\/h2>\n\n\n\n<p>A Cabine de Pr\u00eamios cria um momento diferente para os convidados. A brincadeira \u00e9 r\u00e1pida, din\u00e2mica e f\u00e1cil de acompanhar.<\/p>\n\n\n\n<p>Por isso, o p\u00fablico pode participar sem perder muito tempo. Al\u00e9m disso, o formato permite que v\u00e1rias pessoas conhe\u00e7am a atra\u00e7\u00e3o ao longo do evento.<\/p>\n\n\n\n<p>Enquanto uma pessoa participa, outras podem observar e se preparar para a pr\u00f3xima rodada. Dessa forma, a cabine ajuda a manter o interesse do p\u00fablico durante a a\u00e7\u00e3o.<\/p>\n\n\n\n<h2>Personaliza\u00e7\u00e3o para o seu evento<\/h2>\n\n\n\n<p>O <strong>Grupo Clauwan<\/strong> tamb\u00e9m trabalha com op\u00e7\u00f5es de personaliza\u00e7\u00e3o. A cabine pode receber cores, elementos visuais e detalhes ligados \u00e0 proposta do evento.<\/p>\n\n\n\n<p>Assim, o equipamento pode combinar com a decora\u00e7\u00e3o e com a identidade da marca. Al\u00e9m disso, a personaliza\u00e7\u00e3o ajuda a deixar a atra\u00e7\u00e3o mais alinhada com a a\u00e7\u00e3o.<\/p>\n\n\n\n<p>Para empresas, esse cuidado faz diferen\u00e7a. A cabine pode fazer parte do cen\u00e1rio e refor\u00e7ar a presen\u00e7a da marca durante a experi\u00eancia.<\/p>\n\n\n\n<h2>Fotos e v\u00eddeos que geram conte\u00fado<\/h2>\n\n\n\n<p>A Cabine de Pr\u00eamios tamb\u00e9m proporciona momentos divertidos para fotos e v\u00eddeos. Os participantes podem registrar a brincadeira e compartilhar a experi\u00eancia.<\/p>\n\n\n\n<p>Al\u00e9m disso, quem acompanha do lado de fora tamb\u00e9m pode fazer registros. Dessa maneira, o evento ganha mais oportunidades de gerar conte\u00fado para as redes sociais.<\/p>\n\n\n\n<p>Por isso, a atra\u00e7\u00e3o pode ajudar a ampliar a divulga\u00e7\u00e3o da a\u00e7\u00e3o. Um momento divertido pode ser compartilhado e alcan\u00e7ar pessoas que n\u00e3o estavam no local.<\/p>\n\n\n\n<h2>Suporte do Grupo Clauwan<\/h2>\n\n\n\n<p>O <strong>Grupo Clauwan<\/strong> cuida da prepara\u00e7\u00e3o da cabine antes do evento. A equipe organiza o equipamento e verifica seu funcionamento.<\/p>\n\n\n\n<p>Durante a a\u00e7\u00e3o, o suporte tamb\u00e9m acompanha a opera\u00e7\u00e3o. Assim, o uso da cabine fica mais organizado e pr\u00e1tico para os participantes.<\/p>\n\n\n\n<p>Al\u00e9m disso, a equipe pode orientar o p\u00fablico sobre a din\u00e2mica. Dessa forma, todos conseguem entender a brincadeira e aproveitar melhor a experi\u00eancia.<\/p>\n\n\n\n<h2>Ideal para diferentes eventos<\/h2>\n\n\n\n<p>A Cabine de Pr\u00eamios pode fazer parte de v\u00e1rios tipos de eventos. Ela combina com a\u00e7\u00f5es de marketing, eventos corporativos, festas e campanhas promocionais.<\/p>\n\n\n\n<p>Al\u00e9m disso, pode ser usada em diferentes propostas. A din\u00e2mica pode mudar de acordo com o objetivo de cada projeto.<\/p>\n\n\n\n<p>Por isso, a atra\u00e7\u00e3o \u00e9 uma alternativa vers\u00e1til para quem deseja criar uma a\u00e7\u00e3o diferente. Ela ajuda a trazer mais intera\u00e7\u00e3o e divers\u00e3o para o p\u00fablico.<\/p>\n\n\n\n<h2>Cabine de Pr\u00eamios no Museu de Arte do Rio<\/h2>\n\n\n\n<p>A <strong>Cabine de Pr\u00eamios no Museu de Arte do Rio<\/strong> re\u00fane divers\u00e3o, intera\u00e7\u00e3o e surpresa. Seu formato chama aten\u00e7\u00e3o e convida o p\u00fablico a participar.<\/p>\n\n\n\n<p>Al\u00e9m disso, a presen\u00e7a dos pr\u00eamios deixa a experi\u00eancia ainda mais atrativa. O p\u00fablico pode brincar, torcer e aproveitar cada rodada.<\/p>\n\n\n\n<p>O <strong>Grupo Clauwan<\/strong> oferece a cabine para diferentes projetos e pode adaptar a atra\u00e7\u00e3o de acordo com a proposta do evento. Portanto, o <strong>aluguel de Cabine de Pr\u00eamios<\/strong> \u00e9 uma \u00f3tima escolha para quem deseja criar uma experi\u00eancia marcante e divertida.<\/p>\n\n\n<h3>Siga a Clauwan<\/h3>\n<p><!-- \/wp:heading --><\/p>\n<p><!-- wp:paragraph --><\/p>\n<p>Al\u00e9m disso, \u00e9 s\u00f3 clicar e seguir nosso <strong><a href=\"https:\/\/www.facebook.com\/clauwan\" target=\"_blank\" rel=\"noreferrer noopener\">Facebook&nbsp;<\/a><\/strong>e&nbsp;<strong><a href=\"https:\/\/www.instagram.com\/grupoclauwan\/\" target=\"_blank\" rel=\"noreferrer noopener\">Instagram.<\/a><\/strong><\/p>\n<div class=\"gdlr-core-pbf-element\">\n<div class=\"gdlr-core-column-service-item gdlr-core-item-pdb gdlr-core-left-align gdlr-core-column-service-icon-left-title gdlr-core-no-caption gdlr-core-item-pdlr\">\n<div class=\"gdlr-core-column-service-content-wrapper\">\n<div class=\"gdlr-core-column-service-title-wrap\"><strong>DESDE 1987 \u2013 GRUPO CLAUWAN&nbsp;<\/strong><\/div>\n<\/div>\n<\/div>\n<\/div>\n<div class=\"gdlr-core-pbf-element\">\n<div class=\"gdlr-core-gallery-item gdlr-core-item-pdb clearfix gdlr-core-gallery-item-style-grid\">\n<div class=\"gdlr-core-gallery-item-holder gdlr-core-js-2 clearfix\" data-layout=\"fitrows\">\n<div class=\"gdlr-core-item-list gdlr-core-gallery-column gdlr-core-column-10 gdlr-core-item-pdlr gdlr-core-item-mgb\">\n<div>\n<p>No entanto, o <strong><a href=\"https:\/\/www.clauwan.com.br\/blog\/\">Grupo Clauwan<\/a><\/strong> atende o mercado de aluguel de m\u00e1quinas para eventos.<\/p>\n<div class=\"more\">\n<h2>Saiba Mais!<\/h2>\n<p>Entre em contato conosco via <strong><a href=\"https:\/\/wa.me\/5521977192368\">WhatsApp<\/a><\/strong>:&nbsp;<\/p>\n<div dir=\"auto\"><span class=\"pq6dq46d tbxw36s4 knj5qynh kvgmc6g5 ditlmg2l oygrvhab nvdbi5me sf5mxxl7 gl3lb2sf hhz5lgdu\"><img loading=\"lazy\" class=\"alignnone\" title=\"Lava lou\u00e7a industrial loca\u00e7\u00e3o\" src=\"https:\/\/static.xx.fbcdn.net\/images\/emoji.php\/v9\/t31\/1.5\/16\/1f4f2.png\" alt=\"Lava lou\u00e7a industrial loca\u00e7\u00e3o\" width=\"16\" height=\"16\"><\/span> (21) 97719-2368<\/div>\n<div dir=\"auto\"><span class=\"pq6dq46d tbxw36s4 knj5qynh kvgmc6g5 ditlmg2l oygrvhab nvdbi5me sf5mxxl7 gl3lb2sf hhz5lgdu\"><img loading=\"lazy\" class=\"alignnone\" title=\"Lava lou\u00e7a industrial loca\u00e7\u00e3o\" src=\"https:\/\/static.xx.fbcdn.net\/images\/emoji.php\/v9\/ta6\/1.5\/16\/1f4de.png\" alt=\"Lava lou\u00e7a industrial loca\u00e7\u00e3o\" width=\"16\" height=\"16\"> <\/span>(21) 2577-3348<\/div>\n<div dir=\"auto\"><span class=\"pq6dq46d tbxw36s4 knj5qynh kvgmc6g5 ditlmg2l oygrvhab nvdbi5me sf5mxxl7 gl3lb2sf hhz5lgdu\"><img loading=\"lazy\" src=\"https:\/\/static.xx.fbcdn.net\/images\/emoji.php\/v9\/t17\/1.5\/16\/1f4e7.png\" alt=\"\ud83d\udce7\" width=\"16\" height=\"16\"><\/span>&nbsp;comercial@clauwan.com.br<\/div>\n<div dir=\"auto\"><span class=\"pq6dq46d tbxw36s4 knj5qynh kvgmc6g5 ditlmg2l oygrvhab nvdbi5me sf5mxxl7 gl3lb2sf hhz5lgdu\"><img loading=\"lazy\" src=\"https:\/\/static.xx.fbcdn.net\/images\/emoji.php\/v9\/t86\/1.5\/16\/1f4cd.png\" alt=\"\ud83d\udccd\" width=\"16\" height=\"16\"><\/span> Rua Visconde de Abaete, N.\u00ba 05 \u2013 Vila Isabel<\/div>\n<\/div>\n<\/div>\n<\/div>\n<\/div>\n<\/div>\n<\/div>","protected":false},"excerpt":{"rendered":"<p>Uma atra\u00e7\u00e3o que chama aten\u00e7\u00e3o A Cabine de Pr\u00eamios do Grupo Clauwan \u00e9 uma \u00f3tima op\u00e7\u00e3o para deixar seu evento no Museu de Arte do Rio mais divertido. A cabine [&hellip;]<\/p>\n","protected":false},"author":1,"featured_media":19396,"comment_status":"open","ping_status":"open","sticky":false,"template":"","format":"standard","meta":[],"categories":[140],"tags":[2308,1854,2157,2305],"_links":{"self":[{"href":"https:\/\/www.clauwan.com.br\/blog\/wp-json\/wp\/v2\/posts\/21651"}],"collection":[{"href":"https:\/\/www.clauwan.com.br\/blog\/wp-json\/wp\/v2\/posts"}],"about":[{"href":"https:\/\/www.clauwan.com.br\/blog\/wp-json\/wp\/v2\/types\/post"}],"author":[{"embeddable":true,"href":"https:\/\/www.clauwan.com.br\/blog\/wp-json\/wp\/v2\/users\/1"}],"replies":[{"embeddable":true,"href":"https:\/\/www.clauwan.com.br\/blog\/wp-json\/wp\/v2\/comments?post=21651"}],"version-history":[{"count":3,"href":"https:\/\/www.clauwan.com.br\/blog\/wp-json\/wp\/v2\/posts\/21651\/revisions"}],"predecessor-version":[{"id":21981,"href":"https:\/\/www.clauwan.com.br\/blog\/wp-json\/wp\/v2\/posts\/21651\/revisions\/21981"}],"wp:featuredmedia":[{"embeddable":true,"href":"https:\/\/www.clauwan.com.br\/blog\/wp-json\/wp\/v2\/media\/19396"}],"wp:attachment":[{"href":"https:\/\/www.clauwan.com.br\/blog\/wp-json\/wp\/v2\/media?parent=21651"}],"wp:term":[{"taxonomy":"category","embeddable":true,"href":"https:\/\/www.clauwan.com.br\/blog\/wp-json\/wp\/v2\/categories?post=21651"},{"taxonomy":"post_tag","embeddable":true,"href":"https:\/\/www.clauwan.com.br\/blog\/wp-json\/wp\/v2\/tags?post=21651"}],"curies":[{"name":"wp","href":"https:\/\/api.w.org\/{rel}","templated":true}]}}