{"id":21637,"date":"2026-09-02T15:47:59","date_gmt":"2026-09-02T18:47:59","guid":{"rendered":"https:\/\/www.clauwan.com.br\/blog\/?p=21637"},"modified":"2026-09-02T15:48:02","modified_gmt":"2026-09-02T18:48:02","slug":"aluguel-de-cabine-de-vento-de-mao-no-museu-de-arte-do-rio","status":"publish","type":"post","link":"https:\/\/www.clauwan.com.br\/blog\/aluguel-de-cabine-de-vento-de-mao-no-museu-de-arte-do-rio\/","title":{"rendered":"Aluguel de Cabine de Vento de M\u00e3o no Museu de Arte do Rio"},"content":{"rendered":"\n<h2>Surpreenda seus convidados com uma din\u00e2mica r\u00e1pida e cheia de pr\u00eamios<\/h2>\n\n\n\n<p>O aluguel de<strong> <a href=\"https:\/\/materiais.clauwan.com.br\/aluguel-cabine-de-vento-eventos-rj\">cabine de vento de m\u00e3o<\/a><\/strong> \u00e9 a escolha ideal para marcas que desejam atrair olhares em feiras, congressos ou festas corporativas.<\/p>\n\n\n\n<p>Portanto, o <strong>Grupo Clauwan<\/strong> leva essa atra\u00e7\u00e3o super interativa para o Museu de Arte do Rio, transformando o seu espa\u00e7o em um ponto de muita anima\u00e7\u00e3o.<\/p>\n\n\n\n<figure class=\"wp-block-image size-full\"><img loading=\"lazy\" width=\"773\" height=\"773\" src=\"http:\/\/www.clauwan.com.br\/blog\/wp-content\/uploads\/2026\/05\/CABINES-DE-VENTO-9.jpg\" alt=\"\" class=\"wp-image-12910\" srcset=\"https:\/\/www.clauwan.com.br\/blog\/wp-content\/uploads\/2026\/05\/CABINES-DE-VENTO-9.jpg 773w, https:\/\/www.clauwan.com.br\/blog\/wp-content\/uploads\/2026\/05\/CABINES-DE-VENTO-9-300x300.jpg 300w, https:\/\/www.clauwan.com.br\/blog\/wp-content\/uploads\/2026\/05\/CABINES-DE-VENTO-9-150x150.jpg 150w, https:\/\/www.clauwan.com.br\/blog\/wp-content\/uploads\/2026\/05\/CABINES-DE-VENTO-9-768x768.jpg 768w, https:\/\/www.clauwan.com.br\/blog\/wp-content\/uploads\/2026\/05\/CABINES-DE-VENTO-9-750x750.jpg 750w\" sizes=\"(max-width: 773px) 100vw, 773px\" \/><\/figure>\n\n\n\n<h2>O Desafio de Pegar Pr\u00eamios no Ar<\/h2>\n\n\n\n<p>Antes de mais nada, vale destacar a divers\u00e3o que essa mec\u00e2nica provoca. Por exemplo, os participantes colocam as m\u00e3os nas mangas vedadas da caixa e tentam agarrar os bilhetes que voam com a for\u00e7a do vento.<\/p>\n\n\n\n<p>Assim, a disputa r\u00e1pida gera muita torcida e gargalhadas. Logo, essa brincadeira chama a aten\u00e7\u00e3o de todos e enche o seu estande de visitantes.<\/p>\n\n\n\n<h2>Marketing e Identidade Visual Personalizada<\/h2>\n\n\n\n<p>Al\u00e9m de entreter, o aluguel de<strong> cabine de vento de m\u00e3o<\/strong> funciona como uma excelente ferramenta de divulga\u00e7\u00e3o.<\/p>\n\n\n\n<p>Por outro lado, a nossa equipe personaliza todo o visual da estrutura com as cores e o logotipo da sua empresa.<\/p>\n\n\n\n<p>Como resultado, a atra\u00e7\u00e3o destaca a sua marca e rende \u00f3timas fotos para as redes sociais. Em suma, \u00e9 visibilidade garantida e engajamento real com o p\u00fablico.<\/p>\n\n\n\n<h2>Tranquilidade com o Suporte do Grupo Clauwan<\/h2>\n\n\n\n<p>Em conclus\u00e3o, contar com uma equipe especializada evita qualquer imprevisto. Afinal, n\u00f3s cuidamos da entrega, da montagem segura e de todo o suporte necess\u00e1rio durante o evento.<\/p>\n\n\n\n<p>Por fim, entre em contato hoje mesmo e descubra como essa atra\u00e7\u00e3o vai elevar o sucesso da sua pr\u00f3xima a\u00e7\u00e3o!<\/p>\n","protected":false},"excerpt":{"rendered":"<p>Surpreenda seus convidados com uma din\u00e2mica r\u00e1pida e cheia de pr\u00eamios O aluguel de cabine de vento de m\u00e3o \u00e9 a escolha ideal para marcas que desejam atrair olhares em [&hellip;]<\/p>\n","protected":false},"author":1,"featured_media":12885,"comment_status":"open","ping_status":"open","sticky":false,"template":"","format":"standard","meta":[],"categories":[140],"tags":[1360,2203,2345,107],"_links":{"self":[{"href":"https:\/\/www.clauwan.com.br\/blog\/wp-json\/wp\/v2\/posts\/21637"}],"collection":[{"href":"https:\/\/www.clauwan.com.br\/blog\/wp-json\/wp\/v2\/posts"}],"about":[{"href":"https:\/\/www.clauwan.com.br\/blog\/wp-json\/wp\/v2\/types\/post"}],"author":[{"embeddable":true,"href":"https:\/\/www.clauwan.com.br\/blog\/wp-json\/wp\/v2\/users\/1"}],"replies":[{"embeddable":true,"href":"https:\/\/www.clauwan.com.br\/blog\/wp-json\/wp\/v2\/comments?post=21637"}],"version-history":[{"count":3,"href":"https:\/\/www.clauwan.com.br\/blog\/wp-json\/wp\/v2\/posts\/21637\/revisions"}],"predecessor-version":[{"id":21988,"href":"https:\/\/www.clauwan.com.br\/blog\/wp-json\/wp\/v2\/posts\/21637\/revisions\/21988"}],"wp:featuredmedia":[{"embeddable":true,"href":"https:\/\/www.clauwan.com.br\/blog\/wp-json\/wp\/v2\/media\/12885"}],"wp:attachment":[{"href":"https:\/\/www.clauwan.com.br\/blog\/wp-json\/wp\/v2\/media?parent=21637"}],"wp:term":[{"taxonomy":"category","embeddable":true,"href":"https:\/\/www.clauwan.com.br\/blog\/wp-json\/wp\/v2\/categories?post=21637"},{"taxonomy":"post_tag","embeddable":true,"href":"https:\/\/www.clauwan.com.br\/blog\/wp-json\/wp\/v2\/tags?post=21637"}],"curies":[{"name":"wp","href":"https:\/\/api.w.org\/{rel}","templated":true}]}}