{"id":21635,"date":"2026-09-02T15:48:33","date_gmt":"2026-09-02T18:48:33","guid":{"rendered":"https:\/\/www.clauwan.com.br\/blog\/?p=21635"},"modified":"2026-09-02T15:48:36","modified_gmt":"2026-09-02T18:48:36","slug":"aluguel-de-cabine-de-vento-twister-no-museu-de-arte-do-rio","status":"publish","type":"post","link":"https:\/\/www.clauwan.com.br\/blog\/aluguel-de-cabine-de-vento-twister-no-museu-de-arte-do-rio\/","title":{"rendered":"Aluguel de Cabine de Vento Twister no Museu de Arte do Rio"},"content":{"rendered":"\n<h2>Crie uma experi\u00eancia imersiva e inesquec\u00edvel para o seu p\u00fablico<\/h2>\n\n\n\n<p>O aluguel de <strong><a href=\"https:\/\/materiais.clauwan.com.br\/aluguel-cabine-de-vento-eventos-rj\">cabine de vento twister<\/a><\/strong> \u00e9 a solu\u00e7\u00e3o perfeita para marcas que buscam alto engajamento em feiras, congressos ou eventos corporativos.<\/p>\n\n\n\n<p>Portanto, o <strong>Grupo Clauwan<\/strong> traz essa atra\u00e7\u00e3o imersiva para o Museu de Arte do Rio, garantindo momentos de pura adrenalina e divers\u00e3o para os convidados.<\/p>\n\n\n\n<figure class=\"wp-block-image size-full\"><img loading=\"lazy\" width=\"773\" height=\"773\" src=\"http:\/\/www.clauwan.com.br\/blog\/wp-content\/uploads\/2026\/03\/CABINES-DE-VENTO.jpg\" alt=\"\" class=\"wp-image-9474\" srcset=\"https:\/\/www.clauwan.com.br\/blog\/wp-content\/uploads\/2026\/03\/CABINES-DE-VENTO.jpg 773w, https:\/\/www.clauwan.com.br\/blog\/wp-content\/uploads\/2026\/03\/CABINES-DE-VENTO-300x300.jpg 300w, https:\/\/www.clauwan.com.br\/blog\/wp-content\/uploads\/2026\/03\/CABINES-DE-VENTO-150x150.jpg 150w, https:\/\/www.clauwan.com.br\/blog\/wp-content\/uploads\/2026\/03\/CABINES-DE-VENTO-768x768.jpg 768w, https:\/\/www.clauwan.com.br\/blog\/wp-content\/uploads\/2026\/03\/CABINES-DE-VENTO-750x750.jpg 750w\" sizes=\"(max-width: 773px) 100vw, 773px\" \/><\/figure>\n\n\n\n<h2>Como Funciona a Din\u00e2mica do Twister<\/h2>\n\n\n\n<p>Antes de mais nada, vale destacar o forte impacto visual que o equipamento proporciona. Por exemplo, os participantes entram em uma estrutura transparente onde correntes de ar fazem pap\u00e9is e vales-brindes rodopiarem intensamente.<\/p>\n\n\n\n<p>Assim, o desafio \u00e9 capturar o m\u00e1ximo de itens no ar antes que o tempo acabe. Logo, essa gincana atrai olhares curiosos, gera muitas gargalhadas e lota o seu estande de visitantes.<\/p>\n\n\n\n<h2>Personaliza\u00e7\u00e3o para Destacar a Sua Marca<\/h2>\n\n\n\n<p>Al\u00e9m de entreter, o aluguel de<strong> cabine de vento twister<\/strong> atua como uma ferramenta estrat\u00e9gica de marketing promocional.<\/p>\n\n\n\n<p>Por outro lado, a nossa equipe envelopa toda a estrutura com a identidade visual da sua empresa. Dessa forma, as cores, os parceiros e o logotipo ganham total destaque.<\/p>\n\n\n\n<p>Como resultado, os v\u00eddeos e fotos feitos pelo p\u00fablico v\u00e3o direto para as redes sociais. Em suma, \u00e9 visibilidade espont\u00e2nea e lembran\u00e7a de marca garantida.<\/p>\n\n\n\n<h2>Suporte Completo com o Grupo Clauwan<\/h2>\n\n\n\n<p>Em conclus\u00e3o, contar com uma empresa especializada faz toda a diferen\u00e7a para o sucesso da a\u00e7\u00e3o. Afinal, n\u00f3s cuidamos da entrega pontual, da montagem segura e de todo o suporte t\u00e9cnico necess\u00e1rio.<\/p>\n\n\n\n<p>Por fim, entre em contato hoje mesmo e descubra como esse equipamento vai transformar o seu pr\u00f3ximo evento!<\/p>\n\n\n<h3>Siga a Clauwan<\/h3>\n<p><!-- \/wp:heading --><\/p>\n<p><!-- wp:paragraph --><\/p>\n<p>Al\u00e9m disso, \u00e9 s\u00f3 clicar e seguir nosso <strong><a href=\"https:\/\/www.facebook.com\/clauwan\" target=\"_blank\" rel=\"noreferrer noopener\">Facebook&nbsp;<\/a><\/strong>e&nbsp;<strong><a href=\"https:\/\/www.instagram.com\/grupoclauwan\/\" target=\"_blank\" rel=\"noreferrer noopener\">Instagram.<\/a><\/strong><\/p>\n<div class=\"gdlr-core-pbf-element\">\n<div class=\"gdlr-core-column-service-item gdlr-core-item-pdb gdlr-core-left-align gdlr-core-column-service-icon-left-title gdlr-core-no-caption gdlr-core-item-pdlr\">\n<div class=\"gdlr-core-column-service-content-wrapper\">\n<div class=\"gdlr-core-column-service-title-wrap\"><strong>DESDE 1987 \u2013 GRUPO CLAUWAN&nbsp;<\/strong><\/div>\n<\/div>\n<\/div>\n<\/div>\n<div class=\"gdlr-core-pbf-element\">\n<div class=\"gdlr-core-gallery-item gdlr-core-item-pdb clearfix gdlr-core-gallery-item-style-grid\">\n<div class=\"gdlr-core-gallery-item-holder gdlr-core-js-2 clearfix\" data-layout=\"fitrows\">\n<div class=\"gdlr-core-item-list gdlr-core-gallery-column gdlr-core-column-10 gdlr-core-item-pdlr gdlr-core-item-mgb\">\n<div>\n<p>No entanto, o <strong><a href=\"https:\/\/www.clauwan.com.br\/blog\/\">Grupo Clauwan<\/a><\/strong> atende o mercado de aluguel de m\u00e1quinas para eventos.<\/p>\n<div class=\"more\">\n<h2>Saiba Mais!<\/h2>\n<p>Entre em contato conosco via <strong><a href=\"https:\/\/wa.me\/5521977192368\">WhatsApp<\/a><\/strong>:&nbsp;<\/p>\n<div dir=\"auto\"><span class=\"pq6dq46d tbxw36s4 knj5qynh kvgmc6g5 ditlmg2l oygrvhab nvdbi5me sf5mxxl7 gl3lb2sf hhz5lgdu\"><img loading=\"lazy\" class=\"alignnone\" title=\"Lava lou\u00e7a industrial loca\u00e7\u00e3o\" src=\"https:\/\/static.xx.fbcdn.net\/images\/emoji.php\/v9\/t31\/1.5\/16\/1f4f2.png\" alt=\"Lava lou\u00e7a industrial loca\u00e7\u00e3o\" width=\"16\" height=\"16\"><\/span> (21) 97719-2368<\/div>\n<div dir=\"auto\"><span class=\"pq6dq46d tbxw36s4 knj5qynh kvgmc6g5 ditlmg2l oygrvhab nvdbi5me sf5mxxl7 gl3lb2sf hhz5lgdu\"><img loading=\"lazy\" class=\"alignnone\" title=\"Lava lou\u00e7a industrial loca\u00e7\u00e3o\" src=\"https:\/\/static.xx.fbcdn.net\/images\/emoji.php\/v9\/ta6\/1.5\/16\/1f4de.png\" alt=\"Lava lou\u00e7a industrial loca\u00e7\u00e3o\" width=\"16\" height=\"16\"> <\/span>(21) 2577-3348<\/div>\n<div dir=\"auto\"><span class=\"pq6dq46d tbxw36s4 knj5qynh kvgmc6g5 ditlmg2l oygrvhab nvdbi5me sf5mxxl7 gl3lb2sf hhz5lgdu\"><img loading=\"lazy\" src=\"https:\/\/static.xx.fbcdn.net\/images\/emoji.php\/v9\/t17\/1.5\/16\/1f4e7.png\" alt=\"\ud83d\udce7\" width=\"16\" height=\"16\"><\/span>&nbsp;comercial@clauwan.com.br<\/div>\n<div dir=\"auto\"><span class=\"pq6dq46d tbxw36s4 knj5qynh kvgmc6g5 ditlmg2l oygrvhab nvdbi5me sf5mxxl7 gl3lb2sf hhz5lgdu\"><img loading=\"lazy\" src=\"https:\/\/static.xx.fbcdn.net\/images\/emoji.php\/v9\/t86\/1.5\/16\/1f4cd.png\" alt=\"\ud83d\udccd\" width=\"16\" height=\"16\"><\/span> Rua Visconde de Abaete, N.\u00ba 05 \u2013 Vila Isabel<\/div>\n<\/div>\n<\/div>\n<\/div>\n<\/div>\n<\/div>\n<\/div>","protected":false},"excerpt":{"rendered":"<p>Crie uma experi\u00eancia imersiva e inesquec\u00edvel para o seu p\u00fablico O aluguel de cabine de vento twister \u00e9 a solu\u00e7\u00e3o perfeita para marcas que buscam alto engajamento em feiras, congressos [&hellip;]<\/p>\n","protected":false},"author":1,"featured_media":9471,"comment_status":"open","ping_status":"open","sticky":false,"template":"","format":"standard","meta":[],"categories":[140],"tags":[881,2345,107,2178],"_links":{"self":[{"href":"https:\/\/www.clauwan.com.br\/blog\/wp-json\/wp\/v2\/posts\/21635"}],"collection":[{"href":"https:\/\/www.clauwan.com.br\/blog\/wp-json\/wp\/v2\/posts"}],"about":[{"href":"https:\/\/www.clauwan.com.br\/blog\/wp-json\/wp\/v2\/types\/post"}],"author":[{"embeddable":true,"href":"https:\/\/www.clauwan.com.br\/blog\/wp-json\/wp\/v2\/users\/1"}],"replies":[{"embeddable":true,"href":"https:\/\/www.clauwan.com.br\/blog\/wp-json\/wp\/v2\/comments?post=21635"}],"version-history":[{"count":3,"href":"https:\/\/www.clauwan.com.br\/blog\/wp-json\/wp\/v2\/posts\/21635\/revisions"}],"predecessor-version":[{"id":21989,"href":"https:\/\/www.clauwan.com.br\/blog\/wp-json\/wp\/v2\/posts\/21635\/revisions\/21989"}],"wp:featuredmedia":[{"embeddable":true,"href":"https:\/\/www.clauwan.com.br\/blog\/wp-json\/wp\/v2\/media\/9471"}],"wp:attachment":[{"href":"https:\/\/www.clauwan.com.br\/blog\/wp-json\/wp\/v2\/media?parent=21635"}],"wp:term":[{"taxonomy":"category","embeddable":true,"href":"https:\/\/www.clauwan.com.br\/blog\/wp-json\/wp\/v2\/categories?post=21635"},{"taxonomy":"post_tag","embeddable":true,"href":"https:\/\/www.clauwan.com.br\/blog\/wp-json\/wp\/v2\/tags?post=21635"}],"curies":[{"name":"wp","href":"https:\/\/api.w.org\/{rel}","templated":true}]}}