{"id":1583,"date":"2026-04-25T08:42:00","date_gmt":"2026-04-25T11:42:00","guid":{"rendered":"http:\/\/www.clauwan.com.br\/blog\/?p=1583"},"modified":"2026-04-25T08:42:02","modified_gmt":"2026-04-25T11:42:02","slug":"freezer-horizontal-ou-vertical","status":"publish","type":"post","link":"https:\/\/www.clauwan.com.br\/blog\/freezer-horizontal-ou-vertical\/","title":{"rendered":"Freezer Horizontal ou Vertical?"},"content":{"rendered":"\n<figure class=\"wp-block-image size-full\"><img loading=\"lazy\" width=\"355\" height=\"521\" src=\"http:\/\/www.clauwan.com.br\/blog\/wp-content\/uploads\/2024\/12\/WhatsApp-Image-2024-12-10-at-11.16.58.jpeg\" alt=\"LOCA\u00c7\u00c3O FREEZER\" class=\"wp-image-4944\" srcset=\"https:\/\/www.clauwan.com.br\/blog\/wp-content\/uploads\/2024\/12\/WhatsApp-Image-2024-12-10-at-11.16.58.jpeg 355w, https:\/\/www.clauwan.com.br\/blog\/wp-content\/uploads\/2024\/12\/WhatsApp-Image-2024-12-10-at-11.16.58-204x300.jpeg 204w\" sizes=\"(max-width: 355px) 100vw, 355px\" \/><\/figure>\n\n\n\n<p>T\u00e1 na d\u00favida entre <strong>Freezer Horizontal ou Vertical<\/strong>? A Clauwan pode te ajudar a entender as diferen\u00e7as e escolher o modelo ideal para suas necessidades! Se voc\u00ea est\u00e1 procurando um freezer para armazenar alimentos, bebidas ou at\u00e9 mesmo produtos para vender, \u00e9 importante saber que, apesar das diferen\u00e7as, ambos os modelos podem ser bastante eficientes. A escolha vai depender do que voc\u00ea espera do seu freezer.<\/p>\n\n\n\n<h2><strong>Quais as diferen\u00e7as entre Freezer Horizontal ou Vertical?<\/strong><\/h2>\n\n\n\n<p>A princ\u00edpio, a pot\u00eancia de um <strong>Freezer Horizontal ou Vertical<\/strong> pode ser bem parecida. O que vai fazer a diferen\u00e7a \u00e9 o uso que voc\u00ea dar\u00e1 ao aparelho. O tamanho e a disposi\u00e7\u00e3o dos itens \u00e9 um fator importante a se considerar. Se voc\u00ea pretende expor os produtos para os clientes, por exemplo, um freezer vertical pode ser a melhor op\u00e7\u00e3o, j\u00e1 que ele tem prateleiras que ajudam a organizar os itens de forma mais acess\u00edvel. Isso facilita na hora de procurar algo e otimiza o espa\u00e7o.<\/p>\n\n\n\n<p>Por outro lado, se o freezer for ficar em um espa\u00e7o mais interno, onde voc\u00ea vai manusear os produtos sozinho, a op\u00e7\u00e3o do freezer horizontal pode ser vantajosa. Isso porque ele oferece mais espa\u00e7o \u00fatil, permitindo que voc\u00ea organize as coisas do jeito que achar mais conveniente. Em resumo, tudo vai depender do seu objetivo: se \u00e9 otimizar espa\u00e7o, facilitar a visualiza\u00e7\u00e3o ou melhorar o acesso aos itens.<\/p>\n\n\n\n<h2><strong>O que mais considerar ao escolher Freezer Horizontal ou Vertical?<\/strong><\/h2>\n\n\n\n<p>Al\u00e9m disso, a manuten\u00e7\u00e3o tamb\u00e9m \u00e9 uma preocupa\u00e7\u00e3o importante. Os freezers verticais podem parecer mais f\u00e1ceis de limpar, j\u00e1 que a disposi\u00e7\u00e3o das prateleiras facilita a remo\u00e7\u00e3o dos produtos. Mas, por outro lado, os freezers horizontais modernos v\u00eam com a tecnologia de dreno frontal, que permite o escoamento da \u00e1gua e facilita o degelo. Ou seja, ambos t\u00eam suas vantagens, e o que vai realmente contar \u00e9 o tamanho e as necessidades espec\u00edficas de uso.<\/p>\n\n\n\n<p>E se voc\u00ea est\u00e1 em d\u00favida sobre qual tens\u00e3o escolher, como <strong>110v ou 220v<\/strong>, saiba que isso n\u00e3o influencia no consumo de energia. O que realmente importa \u00e9 a pot\u00eancia do modelo que voc\u00ea escolher. Para mais informa\u00e7\u00f5es, acesse nosso <strong><a class=\"\" href=\"https:\/\/www.clauwan.com.br\/blog\/\">blog<\/a><\/strong> e fique por dentro de todas as novidades!<\/p>\n\n\n\n<h2>Conclus\u00e3o: Freezer Horizontal ou Vertical? Qual escolher?<\/h2>\n\n\n\n<p>No fim das contas, a escolha entre <strong>Freezer Horizontal ou Vertical<\/strong> vai depender das suas necessidades espec\u00edficas. Ambos os modelos podem ser \u00f3timas op\u00e7\u00f5es, mas \u00e9 importante entender as diferen\u00e7as e como cada um se adapta ao seu espa\u00e7o e uso. Ent\u00e3o, antes de decidir, avalie o que \u00e9 mais importante para voc\u00ea: o espa\u00e7o, a facilidade de organiza\u00e7\u00e3o ou o tipo de manuten\u00e7\u00e3o.<\/p>\n\n\n\n<p>E se voc\u00ea precisar de mais informa\u00e7\u00f5es sobre produtos para eventos, acesse tamb\u00e9m o link de <strong><a class=\"\" href=\"https:\/\/materiais.clauwan.com.br\/aluguel-de-loucas\">aluguel de lou\u00e7as<\/a><\/strong>.<\/p>\n\n\n<h3>Siga a Clauwan<\/h3>\n<p><!-- \/wp:heading --><\/p>\n<p><!-- wp:paragraph --><\/p>\n<p>Al\u00e9m disso, \u00e9 s\u00f3 clicar e seguir nosso <strong><a href=\"https:\/\/www.facebook.com\/people\/Clauwan-Eventos\/100063773146453\/\" target=\"_blank\" rel=\"noreferrer noopener\">Facebook\u00a0<\/a><\/strong>e\u00a0<strong><a href=\"https:\/\/www.instagram.com\/clauwaneventos\" target=\"_blank\" rel=\"noreferrer noopener\">Instagram<\/a>.<\/strong><\/p>\n<div class=\"gdlr-core-pbf-element\">\n<div class=\"gdlr-core-column-service-item gdlr-core-item-pdb gdlr-core-left-align gdlr-core-column-service-icon-left-title gdlr-core-no-caption gdlr-core-item-pdlr\">\n<div class=\"gdlr-core-column-service-content-wrapper\">\n<div class=\"gdlr-core-column-service-title-wrap\"><strong>DESDE 1987 \u2013 GRUPO CLAUWAN\u00a0<\/strong><\/div>\n<\/div>\n<\/div>\n<\/div>\n<div class=\"gdlr-core-pbf-element\">\n<div class=\"gdlr-core-gallery-item gdlr-core-item-pdb clearfix gdlr-core-gallery-item-style-grid\">\n<div class=\"gdlr-core-gallery-item-holder gdlr-core-js-2 clearfix\" data-layout=\"fitrows\">\n<div class=\"gdlr-core-item-list gdlr-core-gallery-column gdlr-core-column-10 gdlr-core-item-pdlr gdlr-core-item-mgb\">\n<p>No entanto, a <a href=\"https:\/\/www.google.com\/search?q=clauwan+materiais+para+festas+e+eventos&amp;sca_esv=de363b143e4128cf&amp;rlz=1C1GCEU_pt-BRBR820BR821&amp;ei=LzNcZ8f9FsSZ5OUPyerHmQY&amp;gs_ssp=eJwFwUEOgyAQBdB0215iki5cOmMxiEfwFiN8GhNrVVA5vu89X_W3lhyClM3wo39zcc7CNuIA2zWfngtM60Yv3hpmLxqHys96XLrQTzP2SadEq-5KESlrIhBOLPmfbszmHQE&amp;oq=%22clauwan%22&amp;gs_lp=Egxnd3Mtd2l6LXNlcnAiCSJjbGF1d2FuIioCCAAyExAuGIAEGEMYxwEYigUYjgUYrwEyDhAuGIAEGMcBGI4FGK8BMgQQABgeMgQQABgeMgQQABgeMgQQABgeMgYQABgFGB4yBhAAGAUYHjIGEAAYBRgeMgYQABgFGB4yIhAuGIAEGEMYxwEYigUYjgUYrwEYlwUY3AQY3gQY4ATYAQFIxCRQ8QZYsg9wAXgBkAEAmAGOAaABpAeqAQMwLje4AQHIAQD4AQGYAgmgAt4RwgIKEAAYsAMY1gQYR8ICBhAAGAcYHsICDRAuGIAEGMcBGA0YrwHCAhAQLhiABBjHARgNGI4FGK8BwgIIEAAYBxgIGB7CAgYQABgNGB7CAggQABgFGA0YHpgDAIgGAZAGCLoGBggBEAEYFJIHBzEuNy43LTGgB_4t&amp;sclient=gws-wiz-serp\"><strong>Clauwan Festas<\/strong><\/a> atende o mercado de aluguel de materiais de festas.<\/p>\n<div class=\"more\">\n<h2>Saiba Mais!<\/h2>\n<p>Entre em contato conosco via WhatsApp:\u00a0<strong><a href=\"https:\/\/bit.ly\/comercialclauwan?fbclid=IwAR3RKzFsZZmpp-HWRMde8NJvrfX5fLmK-QukRM5WqsAj-LQJlwoX-r3DvvU\">https:\/\/bit.ly\/comercialclauwan<\/a><\/strong><\/p>\n<div dir=\"auto\"><span class=\"pq6dq46d tbxw36s4 knj5qynh kvgmc6g5 ditlmg2l oygrvhab nvdbi5me sf5mxxl7 gl3lb2sf hhz5lgdu\"><img loading=\"lazy\" src=\"https:\/\/static.xx.fbcdn.net\/images\/emoji.php\/v9\/t31\/1.5\/16\/1f4f2.png\" alt=\"\ud83d\udcf2\" width=\"16\" height=\"16\" \/><\/span> (21) 99225-6661<\/div>\n<div dir=\"auto\"><span class=\"pq6dq46d tbxw36s4 knj5qynh kvgmc6g5 ditlmg2l oygrvhab nvdbi5me sf5mxxl7 gl3lb2sf hhz5lgdu\"><img loading=\"lazy\" src=\"https:\/\/static.xx.fbcdn.net\/images\/emoji.php\/v9\/ta6\/1.5\/16\/1f4de.png\" alt=\"\ud83d\udcde\" width=\"16\" height=\"16\" \/><\/span>(21) 2578-8488<\/div>\n<div dir=\"auto\"><span class=\"pq6dq46d tbxw36s4 knj5qynh kvgmc6g5 ditlmg2l oygrvhab nvdbi5me sf5mxxl7 gl3lb2sf hhz5lgdu\"><img loading=\"lazy\" src=\"https:\/\/static.xx.fbcdn.net\/images\/emoji.php\/v9\/t17\/1.5\/16\/1f4e7.png\" alt=\"\ud83d\udce7\" width=\"16\" height=\"16\" \/><\/span>\u00a0comercial@clauwan.com.br<\/div>\n<div dir=\"auto\"><span class=\"pq6dq46d tbxw36s4 knj5qynh kvgmc6g5 ditlmg2l oygrvhab nvdbi5me sf5mxxl7 gl3lb2sf hhz5lgdu\"><img loading=\"lazy\" src=\"https:\/\/static.xx.fbcdn.net\/images\/emoji.php\/v9\/t86\/1.5\/16\/1f4cd.png\" alt=\"\ud83d\udccd\" width=\"16\" height=\"16\" \/><\/span> Rua Visconde de Abaete N.\u00ba 05 \u2013 Vila Isabel<\/div>\n<\/div>\n<\/div>\n<\/div>\n<\/div>\n<\/div>","protected":false},"excerpt":{"rendered":"<p>T\u00e1 na d\u00favida entre Freezer Horizontal ou Vertical? A Clauwan pode te ajudar a entender as diferen\u00e7as e escolher o modelo ideal para suas necessidades! Se voc\u00ea est\u00e1 procurando um [&hellip;]<\/p>\n","protected":false},"author":1,"featured_media":5741,"comment_status":"open","ping_status":"open","sticky":false,"template":"","format":"standard","meta":[],"categories":[4],"tags":[298,151,316,150,40,462],"_links":{"self":[{"href":"https:\/\/www.clauwan.com.br\/blog\/wp-json\/wp\/v2\/posts\/1583"}],"collection":[{"href":"https:\/\/www.clauwan.com.br\/blog\/wp-json\/wp\/v2\/posts"}],"about":[{"href":"https:\/\/www.clauwan.com.br\/blog\/wp-json\/wp\/v2\/types\/post"}],"author":[{"embeddable":true,"href":"https:\/\/www.clauwan.com.br\/blog\/wp-json\/wp\/v2\/users\/1"}],"replies":[{"embeddable":true,"href":"https:\/\/www.clauwan.com.br\/blog\/wp-json\/wp\/v2\/comments?post=1583"}],"version-history":[{"count":7,"href":"https:\/\/www.clauwan.com.br\/blog\/wp-json\/wp\/v2\/posts\/1583\/revisions"}],"predecessor-version":[{"id":10740,"href":"https:\/\/www.clauwan.com.br\/blog\/wp-json\/wp\/v2\/posts\/1583\/revisions\/10740"}],"wp:featuredmedia":[{"embeddable":true,"href":"https:\/\/www.clauwan.com.br\/blog\/wp-json\/wp\/v2\/media\/5741"}],"wp:attachment":[{"href":"https:\/\/www.clauwan.com.br\/blog\/wp-json\/wp\/v2\/media?parent=1583"}],"wp:term":[{"taxonomy":"category","embeddable":true,"href":"https:\/\/www.clauwan.com.br\/blog\/wp-json\/wp\/v2\/categories?post=1583"},{"taxonomy":"post_tag","embeddable":true,"href":"https:\/\/www.clauwan.com.br\/blog\/wp-json\/wp\/v2\/tags?post=1583"}],"curies":[{"name":"wp","href":"https:\/\/api.w.org\/{rel}","templated":true}]}}